{"id":3982,"date":"2016-02-01T15:30:02","date_gmt":"2016-02-01T14:30:02","guid":{"rendered":"https:\/\/www.websupport.hu\/blog\/?p=3982"},"modified":"2025-03-11T21:01:40","modified_gmt":"2025-03-11T20:01:40","slug":"miert-van-feketelistan-az-ip-cimed","status":"publish","type":"post","link":"https:\/\/www.websupport.hu\/blog\/2016\/02\/miert-van-feketelistan-az-ip-cimed\/","title":{"rendered":"Mi\u00e9rt van feketelist\u00e1n az IP-c\u00edmed?"},"content":{"rendered":"<p>[wc_box color=&#8221;primary&#8221; text_align=&#8221;left&#8221;]<\/p>\n<p><strong>FONTOS INF\u00d3K a Gy\u00fcm\u00f6lcst\u00e1rhely szervereir\u0151l, azaz Laci koll\u00e9g\u00e1nk jelenti<\/strong><\/p>\n<p>[\/wc_box]<\/p>\n<p>Id\u00e9zem:<\/p>\n<p>&#8222;A jelenleg legfrissebb Joomla 3.4.8-as verzi\u00f3j\u00e1ra automatikusan tudnak friss\u00edteni az \u00fcgyfelek az adminfel\u00fcletr\u0151l, amennyiben jelenleg is egy kor\u00e1bbi 3.x.x verzi\u00f3t haszn\u00e1lnak.\u00a0Aki 1.5.x verzi\u00f3r\u00f3l szeretne friss\u00edteni, azoknak el\u0151bb 2.5-re, majd onnan 3.4.8-ra kell upgradelni\u00fck az al\u00e1bbi hivatalos angol nyelv\u0171 le\u00edr\u00e1sokat k\u00f6vetve:<\/p>\n<ol>\n<li><strong>l\u00e9p\u00e9s:<\/strong> <a href=\"https:\/\/docs.joomla.org\/J2.5:Migrating_from_Joomla_1.5_to_Joomla_2.5\" target=\"_blank\" rel=\"noopener noreferrer\" data-referer-safe=\"1\">https:\/\/docs.joomla.org\/J2.5:Migrating_from_Joomla_1.5_to_Joomla_2.5<\/a><\/li>\n<li><strong>l\u00e9p\u00e9s:<\/strong> <a href=\"https:\/\/docs.joomla.org\/Joomla_2.5_to_3.x_Step_by_Step_Migration\" target=\"_blank\" rel=\"noopener noreferrer\" data-referer-safe=\"1\">https:\/\/docs.joomla.org\/Joomla_2.5_to_3.x_Step_by_Step_Migration<\/a><\/li>\n<\/ol>\n<p>Aki 2.5.x-r\u0151l szeretne friss\u00edteni, annak az al\u00e1bbi hivatalos le\u00edr\u00e1st kell k\u00f6vetnie:<br \/>\n<a href=\"https:\/\/docs.joomla.org\/Joomla_2.5_to_3.x_Step_by_Step_Migration\" target=\"_blank\" rel=\"noopener noreferrer\" data-referer-safe=\"1\">https:\/\/docs.joomla.org\/Joomla_2.5_to_3.x_Step_by_Step_Migration<\/a><span class=\"para_break\"><br \/>\n<\/span><span class=\"para_break\"><br \/>\n<\/span><strong>\u00c1ltal\u00e1nos inform\u00e1ci\u00f3k:<\/strong><\/p>\n<p>A Joomla 3.4.8 b\u00e1rmely olyan t\u00e1rhelycsomagra telep\u00edthet\u0151, amin a PHP verzi\u00f3 5.3.10 feletti.<\/p>\n<p><strong>Az al\u00e1bbi szervereken tal\u00e1lhat\u00f3 csomagok alkalmasak alapesetben erre:<\/strong><\/p>\n<ul>\n<li>pongor<\/li>\n<li>recski<\/li>\n<li>schlotter<\/li>\n<li>koblinger<\/li>\n<li>ivancsy<\/li>\n<li>szikora<\/li>\n<li>vitez<\/li>\n<li>hassan<\/li>\n<\/ul>\n<p>Azokn\u00e1l a r\u00e9gebbi csomagokn\u00e1l, amik PHP 5.2.x verzi\u00f3t futtat\u00f3 szerver\u00fcnk\u00f6n tal\u00e1lhat\u00f3ak, k\u00f6lt\u00f6ztet\u00e9sre van sz\u00fcks\u00e9g a friss\u00edt\u00e9shez. Ezzel a t\u00e1rhelyet \u00fajabb szerverre k\u00f6lt\u00f6ztetj\u00fck, ahol teljes\u00fcl a fenti technikai k\u00f6vetelm\u00e9ny. A PHP verzi\u00f3 miatti k\u00f6lt\u00f6ztet\u00e9s d\u00edjmentes, a szerz\u0151d\u00e9sben megadott e-mail c\u00edmr\u0151l kell k\u00e9rni az \u00e9rintett csomagokhoz. El\u0151rel\u00e1that\u00f3an 3-4 munkanap, m\u00edg a k\u00f6lt\u00f6ztet\u00e9ssel elk\u00e9sz\u00fcl\u00fcnk.&#8221;<\/p>\n<p><strong>TECHNIKAI H\u00c1TT\u00c9R<\/strong><\/p>\n<p><strong>T\u00e1voli parancsv\u00e9grehajt\u00e1si s\u00e9r\u00fcl\u00e9kenys\u00e9g a Joomla rendszerekben<\/strong><\/p>\n<p>A Joomla fejleszt\u0151csapat\u00e1nak biztons\u00e1gi r\u00e9szlege megjelentetett egy \u00faj verzi\u00f3t a h\u00edres, ingyenes CMS rendszerhez, amiben jav\u00edtott\u00e1k azt a kritikus, t\u00e1voli parancsv\u00e9grehajt\u00e1ssal kapcsolatos biztons\u00e1gi r\u00e9st\/s\u00e9r\u00fcl\u00e9kenys\u00e9get, ami minden egyes kiad\u00e1st \u00e9rint a Joomla 1.5 \u00e9s 3.4.5-\u00f6s verzi\u00f3k k\u00f6z\u00f6tt.<br \/>\nEz a kritikus biztons\u00e1gi r\u00e9s k\u00f6nnyed\u00e9n kihaszn\u00e1lhat\u00f3 hozz\u00e1\u00e9rt\u0151 hackerek sz\u00e1m\u00e1ra, ebb\u0151l kifoly\u00f3lag pedig a 2015. december k\u00f6zepi felismer\u00e9se \u00f3ta rengeteg Joomla alap\u00fa oldal esett illet\u00e9ktelenek \u00e1ldozat\u00e1ul. Ha Jooml\u00e1t haszn\u00e1lsz, \u00e9rdemes min\u00e9l el\u0151bb friss\u00edtened, ha el szeretn\u00e9d ker\u00fclni a t\u00e1rhelyfelt\u00f6r\u00e9sekkel kapcsolatos kellemetlens\u00e9geket.<\/p>\n<p><strong>Friss\u00edtsd a Jooml\u00e1t!<\/strong><\/p>\n<p>Akik a 3.x verzi\u00f3 valamelyik v\u00e1ltozat\u00e1t haszn\u00e1lj\u00e1k, azok friss\u00edtsenek azonnal legal\u00e1bb a 3.4.6-os verzi\u00f3ra, amit\u0151l a fent t\u00e1rgyalt biztons\u00e1gi r\u00e9s m\u00e1r jav\u00edt\u00e1sra ker\u00fclt.<\/p>\n<p><strong>Ha Jooml\u00e1t haszn\u00e1lsz, akkor ellen\u0151rizd a logokat azonnal!<\/strong><\/p>\n<p>Keress az al\u00e1bbi IP-c\u00edmekr\u0151l \u00e9rkez\u0151 t\u00e1mad\u00e1sokat: 146.0.72.83 vagy 74.3.170.33 vagy 194.28.174.106. Aj\u00e1nlatos a logban a User Agentn\u00e9l az al\u00e1bbi kifejez\u00e9sekre, sz\u00f6vegr\u00e9szekre is keresni m\u00e9g, mivel a t\u00e1mad\u00f3 IP c\u00edmek k\u00f6nnyen v\u00e1ltozhatnak: \u201eJDatabaseDriverMysqli\u201d vagy \u201cO:\u201d.<br \/>\nHa ilyeneket tal\u00e1lsz, akkor nagy es\u00e9llyel megfert\u0151zt\u00e9k m\u00e1r a Joomla oldalad \u00e9s \u00e9rdemes a v\u00edrusmentes\u00edt\u00e9sre, ellen\u0151rz\u00e9sre id\u0151t szak\u00edtanod.<\/p>\n<p><em><a href=\"https:\/\/blog.sucuri.net\/2015\/12\/remote-command-execution-vulnerability-in-joomla.html\">(Eredeti angol nyelv\u0171 cikk itt)<\/a><\/em><\/p>\n","protected":false},"excerpt":{"rendered":"<p>[wc_box color=&#8221;primary&#8221; text_align=&#8221;left&#8221;] FONTOS INF\u00d3K a Gy\u00fcm\u00f6lcst\u00e1rhely szervereir\u0151l, azaz Laci koll\u00e9g\u00e1nk jelenti [\/wc_box] Id\u00e9zem: &#8222;A jelenleg legfrissebb Joomla 3.4.8-as verzi\u00f3j\u00e1ra automatikusan tudnak friss\u00edteni az \u00fcgyfelek az adminfel\u00fcletr\u0151l, amennyiben jelenleg is egy kor\u00e1bbi 3.x.x verzi\u00f3t haszn\u00e1lnak.\u00a0Aki 1.5.x verzi\u00f3r\u00f3l szeretne friss\u00edteni, azoknak el\u0151bb 2.5-re, majd onnan 3.4.8-ra kell upgradelni\u00fck az al\u00e1bbi hivatalos angol nyelv\u0171 le\u00edr\u00e1sokat k\u00f6vetve: l\u00e9p\u00e9s: [&hellip;]<\/p>\n","protected":false},"author":78,"featured_media":3984,"comment_status":"open","ping_status":"open","sticky":false,"template":"","format":"standard","meta":{"footnotes":""},"categories":[12,37],"tags":[888,889,64],"class_list":["post-3982","post","type-post","status-publish","format-standard","has-post-thumbnail","hentry","category-hirek","category-tech","tag-blacklist","tag-feketelista","tag-joomla"],"yoast_head":"<!-- This site is optimized with the Yoast SEO plugin v27.4 - https:\/\/yoast.com\/product\/yoast-seo-wordpress\/ -->\n<title>Mi\u00e9rt van feketelist\u00e1n az IP-c\u00edmed? - Websupport.hu Blog<\/title>\n<meta name=\"robots\" content=\"index, follow, max-snippet:-1, max-image-preview:large, max-video-preview:-1\" \/>\n<link rel=\"canonical\" href=\"https:\/\/www.websupport.hu\/blog\/2016\/02\/miert-van-feketelistan-az-ip-cimed\/\" \/>\n<meta property=\"og:locale\" content=\"hu_HU\" \/>\n<meta property=\"og:type\" content=\"article\" \/>\n<meta property=\"og:title\" content=\"Mi\u00e9rt van feketelist\u00e1n az IP-c\u00edmed? - Websupport.hu Blog\" \/>\n<meta property=\"og:description\" content=\"[wc_box color=&#8221;primary&#8221; text_align=&#8221;left&#8221;] FONTOS INF\u00d3K a Gy\u00fcm\u00f6lcst\u00e1rhely szervereir\u0151l, azaz Laci koll\u00e9g\u00e1nk jelenti [\/wc_box] Id\u00e9zem: &#8222;A jelenleg legfrissebb Joomla 3.4.8-as verzi\u00f3j\u00e1ra automatikusan tudnak friss\u00edteni az \u00fcgyfelek az adminfel\u00fcletr\u0151l, amennyiben jelenleg is egy kor\u00e1bbi 3.x.x verzi\u00f3t haszn\u00e1lnak.\u00a0Aki 1.5.x verzi\u00f3r\u00f3l szeretne friss\u00edteni, azoknak el\u0151bb 2.5-re, majd onnan 3.4.8-ra kell upgradelni\u00fck az al\u00e1bbi hivatalos angol nyelv\u0171 le\u00edr\u00e1sokat k\u00f6vetve: l\u00e9p\u00e9s: [&hellip;]\" \/>\n<meta property=\"og:url\" content=\"https:\/\/www.websupport.hu\/blog\/2016\/02\/miert-van-feketelistan-az-ip-cimed\/\" \/>\n<meta property=\"og:site_name\" content=\"Websupport.hu Blog\" \/>\n<meta property=\"article:published_time\" content=\"2016-02-01T14:30:02+00:00\" \/>\n<meta property=\"article:modified_time\" content=\"2025-03-11T20:01:40+00:00\" \/>\n<meta property=\"og:image\" content=\"https:\/\/www.websupport.hu\/blog\/app\/uploads\/sites\/3\/2016\/02\/feketelista.png\" \/>\n\t<meta property=\"og:image:width\" content=\"468\" \/>\n\t<meta property=\"og:image:height\" content=\"244\" \/>\n\t<meta property=\"og:image:type\" content=\"image\/png\" \/>\n<meta name=\"author\" content=\"Stan\u010di Markovi\u010dov\u00e1\" \/>\n<meta name=\"twitter:card\" content=\"summary_large_image\" \/>\n<meta name=\"twitter:label1\" content=\"Written by\" \/>\n\t<meta name=\"twitter:data1\" content=\"Stan\u010di Markovi\u010dov\u00e1\" \/>\n\t<meta name=\"twitter:label2\" content=\"Est. reading time\" \/>\n\t<meta name=\"twitter:data2\" content=\"3 perc\" \/>\n<script type=\"application\/ld+json\" class=\"yoast-schema-graph\">{\"@context\":\"https:\\\/\\\/schema.org\",\"@graph\":[{\"@type\":\"Article\",\"@id\":\"https:\\\/\\\/www.websupport.hu\\\/blog\\\/2016\\\/02\\\/miert-van-feketelistan-az-ip-cimed\\\/#article\",\"isPartOf\":{\"@id\":\"https:\\\/\\\/www.websupport.hu\\\/blog\\\/2016\\\/02\\\/miert-van-feketelistan-az-ip-cimed\\\/\"},\"author\":{\"name\":\"Stan\u010di Markovi\u010dov\u00e1\",\"@id\":\"https:\\\/\\\/www.websupport.hu\\\/blog\\\/#\\\/schema\\\/person\\\/825ad87e989519aeaa15f282c1f2fa6d\"},\"headline\":\"Mi\u00e9rt van feketelist\u00e1n az IP-c\u00edmed?\",\"datePublished\":\"2016-02-01T14:30:02+00:00\",\"dateModified\":\"2025-03-11T20:01:40+00:00\",\"mainEntityOfPage\":{\"@id\":\"https:\\\/\\\/www.websupport.hu\\\/blog\\\/2016\\\/02\\\/miert-van-feketelistan-az-ip-cimed\\\/\"},\"wordCount\":554,\"commentCount\":0,\"publisher\":{\"@id\":\"https:\\\/\\\/www.websupport.hu\\\/blog\\\/#organization\"},\"image\":{\"@id\":\"https:\\\/\\\/www.websupport.hu\\\/blog\\\/2016\\\/02\\\/miert-van-feketelistan-az-ip-cimed\\\/#primaryimage\"},\"thumbnailUrl\":\"https:\\\/\\\/www.websupport.hu\\\/blog\\\/app\\\/uploads\\\/sites\\\/3\\\/2016\\\/02\\\/feketelista.png\",\"keywords\":[\"blacklist\",\"feketelista\",\"joomla\"],\"articleSection\":[\"H\u00edrek\",\"Tech\"],\"inLanguage\":\"hu\",\"potentialAction\":[{\"@type\":\"CommentAction\",\"name\":\"Comment\",\"target\":[\"https:\\\/\\\/www.websupport.hu\\\/blog\\\/2016\\\/02\\\/miert-van-feketelistan-az-ip-cimed\\\/#respond\"]}]},{\"@type\":\"WebPage\",\"@id\":\"https:\\\/\\\/www.websupport.hu\\\/blog\\\/2016\\\/02\\\/miert-van-feketelistan-az-ip-cimed\\\/\",\"url\":\"https:\\\/\\\/www.websupport.hu\\\/blog\\\/2016\\\/02\\\/miert-van-feketelistan-az-ip-cimed\\\/\",\"name\":\"Mi\u00e9rt van feketelist\u00e1n az IP-c\u00edmed? - Websupport.hu Blog\",\"isPartOf\":{\"@id\":\"https:\\\/\\\/www.websupport.hu\\\/blog\\\/#website\"},\"primaryImageOfPage\":{\"@id\":\"https:\\\/\\\/www.websupport.hu\\\/blog\\\/2016\\\/02\\\/miert-van-feketelistan-az-ip-cimed\\\/#primaryimage\"},\"image\":{\"@id\":\"https:\\\/\\\/www.websupport.hu\\\/blog\\\/2016\\\/02\\\/miert-van-feketelistan-az-ip-cimed\\\/#primaryimage\"},\"thumbnailUrl\":\"https:\\\/\\\/www.websupport.hu\\\/blog\\\/app\\\/uploads\\\/sites\\\/3\\\/2016\\\/02\\\/feketelista.png\",\"datePublished\":\"2016-02-01T14:30:02+00:00\",\"dateModified\":\"2025-03-11T20:01:40+00:00\",\"breadcrumb\":{\"@id\":\"https:\\\/\\\/www.websupport.hu\\\/blog\\\/2016\\\/02\\\/miert-van-feketelistan-az-ip-cimed\\\/#breadcrumb\"},\"inLanguage\":\"hu\",\"potentialAction\":[{\"@type\":\"ReadAction\",\"target\":[\"https:\\\/\\\/www.websupport.hu\\\/blog\\\/2016\\\/02\\\/miert-van-feketelistan-az-ip-cimed\\\/\"]}]},{\"@type\":\"ImageObject\",\"inLanguage\":\"hu\",\"@id\":\"https:\\\/\\\/www.websupport.hu\\\/blog\\\/2016\\\/02\\\/miert-van-feketelistan-az-ip-cimed\\\/#primaryimage\",\"url\":\"https:\\\/\\\/www.websupport.hu\\\/blog\\\/app\\\/uploads\\\/sites\\\/3\\\/2016\\\/02\\\/feketelista.png\",\"contentUrl\":\"https:\\\/\\\/www.websupport.hu\\\/blog\\\/app\\\/uploads\\\/sites\\\/3\\\/2016\\\/02\\\/feketelista.png\",\"width\":468,\"height\":244},{\"@type\":\"BreadcrumbList\",\"@id\":\"https:\\\/\\\/www.websupport.hu\\\/blog\\\/2016\\\/02\\\/miert-van-feketelistan-az-ip-cimed\\\/#breadcrumb\",\"itemListElement\":[{\"@type\":\"ListItem\",\"position\":1,\"name\":\"Home\",\"item\":\"https:\\\/\\\/www.websupport.hu\\\/blog\\\/\"},{\"@type\":\"ListItem\",\"position\":2,\"name\":\"Mi\u00e9rt van feketelist\u00e1n az IP-c\u00edmed?\"}]},{\"@type\":\"WebSite\",\"@id\":\"https:\\\/\\\/www.websupport.hu\\\/blog\\\/#website\",\"url\":\"https:\\\/\\\/www.websupport.hu\\\/blog\\\/\",\"name\":\"Websupport.hu Blog\",\"description\":\"\",\"publisher\":{\"@id\":\"https:\\\/\\\/www.websupport.hu\\\/blog\\\/#organization\"},\"potentialAction\":[{\"@type\":\"SearchAction\",\"target\":{\"@type\":\"EntryPoint\",\"urlTemplate\":\"https:\\\/\\\/www.websupport.hu\\\/blog\\\/?s={search_term_string}\"},\"query-input\":{\"@type\":\"PropertyValueSpecification\",\"valueRequired\":true,\"valueName\":\"search_term_string\"}}],\"inLanguage\":\"hu\"},{\"@type\":\"Organization\",\"@id\":\"https:\\\/\\\/www.websupport.hu\\\/blog\\\/#organization\",\"name\":\"Websupport.hu Blog\",\"url\":\"https:\\\/\\\/www.websupport.hu\\\/blog\\\/\",\"logo\":{\"@type\":\"ImageObject\",\"inLanguage\":\"hu\",\"@id\":\"https:\\\/\\\/www.websupport.hu\\\/blog\\\/#\\\/schema\\\/logo\\\/image\\\/\",\"url\":\"https:\\\/\\\/www.websupport.hu\\\/blog\\\/app\\\/uploads\\\/sites\\\/3\\\/2021\\\/07\\\/websupport-logo.svg\",\"contentUrl\":\"https:\\\/\\\/www.websupport.hu\\\/blog\\\/app\\\/uploads\\\/sites\\\/3\\\/2021\\\/07\\\/websupport-logo.svg\",\"width\":153,\"height\":48,\"caption\":\"Websupport.hu Blog\"},\"image\":{\"@id\":\"https:\\\/\\\/www.websupport.hu\\\/blog\\\/#\\\/schema\\\/logo\\\/image\\\/\"}},{\"@type\":\"Person\",\"@id\":\"https:\\\/\\\/www.websupport.hu\\\/blog\\\/#\\\/schema\\\/person\\\/825ad87e989519aeaa15f282c1f2fa6d\",\"name\":\"Stan\u010di Markovi\u010dov\u00e1\",\"image\":{\"@type\":\"ImageObject\",\"inLanguage\":\"hu\",\"@id\":\"https:\\\/\\\/secure.gravatar.com\\\/avatar\\\/0ec5bf26e0ba8a93e04aa26f1347d508fdef6bd6d4a79966086d98dff663f3db?s=96&d=mm&r=g\",\"url\":\"https:\\\/\\\/secure.gravatar.com\\\/avatar\\\/0ec5bf26e0ba8a93e04aa26f1347d508fdef6bd6d4a79966086d98dff663f3db?s=96&d=mm&r=g\",\"contentUrl\":\"https:\\\/\\\/secure.gravatar.com\\\/avatar\\\/0ec5bf26e0ba8a93e04aa26f1347d508fdef6bd6d4a79966086d98dff663f3db?s=96&d=mm&r=g\",\"caption\":\"Stan\u010di Markovi\u010dov\u00e1\"},\"url\":\"https:\\\/\\\/www.websupport.hu\\\/blog\\\/author\\\/stanislava-markovicova\\\/\"}]}<\/script>\n<!-- \/ Yoast SEO plugin. -->","yoast_head_json":{"title":"Mi\u00e9rt van feketelist\u00e1n az IP-c\u00edmed? - Websupport.hu Blog","robots":{"index":"index","follow":"follow","max-snippet":"max-snippet:-1","max-image-preview":"max-image-preview:large","max-video-preview":"max-video-preview:-1"},"canonical":"https:\/\/www.websupport.hu\/blog\/2016\/02\/miert-van-feketelistan-az-ip-cimed\/","og_locale":"hu_HU","og_type":"article","og_title":"Mi\u00e9rt van feketelist\u00e1n az IP-c\u00edmed? - Websupport.hu Blog","og_description":"[wc_box color=&#8221;primary&#8221; text_align=&#8221;left&#8221;] FONTOS INF\u00d3K a Gy\u00fcm\u00f6lcst\u00e1rhely szervereir\u0151l, azaz Laci koll\u00e9g\u00e1nk jelenti [\/wc_box] Id\u00e9zem: &#8222;A jelenleg legfrissebb Joomla 3.4.8-as verzi\u00f3j\u00e1ra automatikusan tudnak friss\u00edteni az \u00fcgyfelek az adminfel\u00fcletr\u0151l, amennyiben jelenleg is egy kor\u00e1bbi 3.x.x verzi\u00f3t haszn\u00e1lnak.\u00a0Aki 1.5.x verzi\u00f3r\u00f3l szeretne friss\u00edteni, azoknak el\u0151bb 2.5-re, majd onnan 3.4.8-ra kell upgradelni\u00fck az al\u00e1bbi hivatalos angol nyelv\u0171 le\u00edr\u00e1sokat k\u00f6vetve: l\u00e9p\u00e9s: [&hellip;]","og_url":"https:\/\/www.websupport.hu\/blog\/2016\/02\/miert-van-feketelistan-az-ip-cimed\/","og_site_name":"Websupport.hu Blog","article_published_time":"2016-02-01T14:30:02+00:00","article_modified_time":"2025-03-11T20:01:40+00:00","og_image":[{"width":468,"height":244,"url":"https:\/\/www.websupport.hu\/blog\/app\/uploads\/sites\/3\/2016\/02\/feketelista.png","type":"image\/png"}],"author":"Stan\u010di Markovi\u010dov\u00e1","twitter_card":"summary_large_image","twitter_misc":{"Written by":"Stan\u010di Markovi\u010dov\u00e1","Est. reading time":"3 perc"},"schema":{"@context":"https:\/\/schema.org","@graph":[{"@type":"Article","@id":"https:\/\/www.websupport.hu\/blog\/2016\/02\/miert-van-feketelistan-az-ip-cimed\/#article","isPartOf":{"@id":"https:\/\/www.websupport.hu\/blog\/2016\/02\/miert-van-feketelistan-az-ip-cimed\/"},"author":{"name":"Stan\u010di Markovi\u010dov\u00e1","@id":"https:\/\/www.websupport.hu\/blog\/#\/schema\/person\/825ad87e989519aeaa15f282c1f2fa6d"},"headline":"Mi\u00e9rt van feketelist\u00e1n az IP-c\u00edmed?","datePublished":"2016-02-01T14:30:02+00:00","dateModified":"2025-03-11T20:01:40+00:00","mainEntityOfPage":{"@id":"https:\/\/www.websupport.hu\/blog\/2016\/02\/miert-van-feketelistan-az-ip-cimed\/"},"wordCount":554,"commentCount":0,"publisher":{"@id":"https:\/\/www.websupport.hu\/blog\/#organization"},"image":{"@id":"https:\/\/www.websupport.hu\/blog\/2016\/02\/miert-van-feketelistan-az-ip-cimed\/#primaryimage"},"thumbnailUrl":"https:\/\/www.websupport.hu\/blog\/app\/uploads\/sites\/3\/2016\/02\/feketelista.png","keywords":["blacklist","feketelista","joomla"],"articleSection":["H\u00edrek","Tech"],"inLanguage":"hu","potentialAction":[{"@type":"CommentAction","name":"Comment","target":["https:\/\/www.websupport.hu\/blog\/2016\/02\/miert-van-feketelistan-az-ip-cimed\/#respond"]}]},{"@type":"WebPage","@id":"https:\/\/www.websupport.hu\/blog\/2016\/02\/miert-van-feketelistan-az-ip-cimed\/","url":"https:\/\/www.websupport.hu\/blog\/2016\/02\/miert-van-feketelistan-az-ip-cimed\/","name":"Mi\u00e9rt van feketelist\u00e1n az IP-c\u00edmed? - Websupport.hu Blog","isPartOf":{"@id":"https:\/\/www.websupport.hu\/blog\/#website"},"primaryImageOfPage":{"@id":"https:\/\/www.websupport.hu\/blog\/2016\/02\/miert-van-feketelistan-az-ip-cimed\/#primaryimage"},"image":{"@id":"https:\/\/www.websupport.hu\/blog\/2016\/02\/miert-van-feketelistan-az-ip-cimed\/#primaryimage"},"thumbnailUrl":"https:\/\/www.websupport.hu\/blog\/app\/uploads\/sites\/3\/2016\/02\/feketelista.png","datePublished":"2016-02-01T14:30:02+00:00","dateModified":"2025-03-11T20:01:40+00:00","breadcrumb":{"@id":"https:\/\/www.websupport.hu\/blog\/2016\/02\/miert-van-feketelistan-az-ip-cimed\/#breadcrumb"},"inLanguage":"hu","potentialAction":[{"@type":"ReadAction","target":["https:\/\/www.websupport.hu\/blog\/2016\/02\/miert-van-feketelistan-az-ip-cimed\/"]}]},{"@type":"ImageObject","inLanguage":"hu","@id":"https:\/\/www.websupport.hu\/blog\/2016\/02\/miert-van-feketelistan-az-ip-cimed\/#primaryimage","url":"https:\/\/www.websupport.hu\/blog\/app\/uploads\/sites\/3\/2016\/02\/feketelista.png","contentUrl":"https:\/\/www.websupport.hu\/blog\/app\/uploads\/sites\/3\/2016\/02\/feketelista.png","width":468,"height":244},{"@type":"BreadcrumbList","@id":"https:\/\/www.websupport.hu\/blog\/2016\/02\/miert-van-feketelistan-az-ip-cimed\/#breadcrumb","itemListElement":[{"@type":"ListItem","position":1,"name":"Home","item":"https:\/\/www.websupport.hu\/blog\/"},{"@type":"ListItem","position":2,"name":"Mi\u00e9rt van feketelist\u00e1n az IP-c\u00edmed?"}]},{"@type":"WebSite","@id":"https:\/\/www.websupport.hu\/blog\/#website","url":"https:\/\/www.websupport.hu\/blog\/","name":"Websupport.hu Blog","description":"","publisher":{"@id":"https:\/\/www.websupport.hu\/blog\/#organization"},"potentialAction":[{"@type":"SearchAction","target":{"@type":"EntryPoint","urlTemplate":"https:\/\/www.websupport.hu\/blog\/?s={search_term_string}"},"query-input":{"@type":"PropertyValueSpecification","valueRequired":true,"valueName":"search_term_string"}}],"inLanguage":"hu"},{"@type":"Organization","@id":"https:\/\/www.websupport.hu\/blog\/#organization","name":"Websupport.hu Blog","url":"https:\/\/www.websupport.hu\/blog\/","logo":{"@type":"ImageObject","inLanguage":"hu","@id":"https:\/\/www.websupport.hu\/blog\/#\/schema\/logo\/image\/","url":"https:\/\/www.websupport.hu\/blog\/app\/uploads\/sites\/3\/2021\/07\/websupport-logo.svg","contentUrl":"https:\/\/www.websupport.hu\/blog\/app\/uploads\/sites\/3\/2021\/07\/websupport-logo.svg","width":153,"height":48,"caption":"Websupport.hu Blog"},"image":{"@id":"https:\/\/www.websupport.hu\/blog\/#\/schema\/logo\/image\/"}},{"@type":"Person","@id":"https:\/\/www.websupport.hu\/blog\/#\/schema\/person\/825ad87e989519aeaa15f282c1f2fa6d","name":"Stan\u010di Markovi\u010dov\u00e1","image":{"@type":"ImageObject","inLanguage":"hu","@id":"https:\/\/secure.gravatar.com\/avatar\/0ec5bf26e0ba8a93e04aa26f1347d508fdef6bd6d4a79966086d98dff663f3db?s=96&d=mm&r=g","url":"https:\/\/secure.gravatar.com\/avatar\/0ec5bf26e0ba8a93e04aa26f1347d508fdef6bd6d4a79966086d98dff663f3db?s=96&d=mm&r=g","contentUrl":"https:\/\/secure.gravatar.com\/avatar\/0ec5bf26e0ba8a93e04aa26f1347d508fdef6bd6d4a79966086d98dff663f3db?s=96&d=mm&r=g","caption":"Stan\u010di Markovi\u010dov\u00e1"},"url":"https:\/\/www.websupport.hu\/blog\/author\/stanislava-markovicova\/"}]}},"_links":{"self":[{"href":"https:\/\/www.websupport.hu\/blog\/wp-json\/wp\/v2\/posts\/3982","targetHints":{"allow":["GET"]}}],"collection":[{"href":"https:\/\/www.websupport.hu\/blog\/wp-json\/wp\/v2\/posts"}],"about":[{"href":"https:\/\/www.websupport.hu\/blog\/wp-json\/wp\/v2\/types\/post"}],"author":[{"embeddable":true,"href":"https:\/\/www.websupport.hu\/blog\/wp-json\/wp\/v2\/users\/78"}],"replies":[{"embeddable":true,"href":"https:\/\/www.websupport.hu\/blog\/wp-json\/wp\/v2\/comments?post=3982"}],"version-history":[{"count":1,"href":"https:\/\/www.websupport.hu\/blog\/wp-json\/wp\/v2\/posts\/3982\/revisions"}],"predecessor-version":[{"id":8484,"href":"https:\/\/www.websupport.hu\/blog\/wp-json\/wp\/v2\/posts\/3982\/revisions\/8484"}],"wp:featuredmedia":[{"embeddable":true,"href":"https:\/\/www.websupport.hu\/blog\/wp-json\/wp\/v2\/media\/3984"}],"wp:attachment":[{"href":"https:\/\/www.websupport.hu\/blog\/wp-json\/wp\/v2\/media?parent=3982"}],"wp:term":[{"taxonomy":"category","embeddable":true,"href":"https:\/\/www.websupport.hu\/blog\/wp-json\/wp\/v2\/categories?post=3982"},{"taxonomy":"post_tag","embeddable":true,"href":"https:\/\/www.websupport.hu\/blog\/wp-json\/wp\/v2\/tags?post=3982"}],"curies":[{"name":"wp","href":"https:\/\/api.w.org\/{rel}","templated":true}]}}