{"id":4506,"date":"2018-03-14T12:56:45","date_gmt":"2018-03-14T11:56:45","guid":{"rendered":"https:\/\/www.websupport.hu\/blog\/?p=4506"},"modified":"2025-03-11T21:01:49","modified_gmt":"2025-03-11T20:01:49","slug":"az-szektor-bud-spencer-e-webonic-uj-ugyvezeto-igazgatot-valasztott","status":"publish","type":"post","link":"https:\/\/www.websupport.hu\/blog\/2018\/03\/az-szektor-bud-spencer-e-webonic-uj-ugyvezeto-igazgatot-valasztott\/","title":{"rendered":"Az IT szektor Bud Spencer-e \u2013 A Webonic \u00faj \u00fcgyvezet\u0151 igazgat\u00f3t v\u00e1lasztott"},"content":{"rendered":"<p><span style=\"font-weight: 400;\">A Webonic az elm\u00falt 2 h\u00f3napban t\u00f6bb v\u00e1ltoz\u00e1son ment kereszt\u00fcl. Az \u00faj admin fel\u00fclet mellett a csapat egy \u00faj \u00fcgyvezet\u0151 igazgat\u00f3val b\u0151v\u00fclt. <a href=\"https:\/\/www.linkedin.com\/in\/sudyandras\/\">S\u0171dy Andr\u00e1ssal<\/a> kor\u00e1bbi tapasztalatair\u00f3l, j\u00f6v\u0151beni terveir\u0151l k\u00e9sz\u00edtett\u00fcnk interj\u00fat, n\u00e9h\u00e1ny szem\u00e9lyes hangv\u00e9tel\u0171 k\u00e9rd\u00e9ssel megf\u0171szerezve.<\/span><\/p>\n<h2><span style=\"font-weight: 400;\">Mi volt az els\u0151 munkahelyed?<\/span><\/h2>\n<p><span style=\"font-weight: 400;\">A Margitszigeten voltam a Bring\u00f3 V\u00e1rban kiseg\u00edt\u0151. A bring\u00f3hint\u00f3 kiad\u00e1s mellett gyakran voltam a b\u00fcf\u00e9be is beosztva, illetve a m\u0171hely \u00e9s a kiad\u00f3hely k\u00f6z\u00f6tt sz\u00e1ll\u00edtottam a hint\u00f3kat egyik ny\u00e1ron, kb. 2 h\u00f3napon kereszt\u00fcl. Ez volt az els\u0151 fizetett munk\u00e1m. <\/span><\/p>\n<h2><span style=\"font-weight: 400;\">Milyen el\u0151z\u0151 szakmai tapasztalatokat emeln\u00e9l ki legink\u00e1bb?<\/span><\/h2>\n<p><span style=\"font-weight: 400;\">Szakmai karrieremet az Intellio Kft.-n\u00e9l kezdtem, marketing igazgat\u00f3k\u00e9nt az els\u0151dleges feladatom az intelligens kamera rendszer nemzetk\u00f6zi bevezet\u00e9se volt. Ez egy olyan rendszer, amely k\u00fcl\u00f6nb\u00f6z\u0151 be\u00e1ll\u00edt\u00e1sok alapj\u00e1n k\u00e9pes volt bizonyos esem\u00e9nyeket automatikusan felismerni, \u00e9s err\u0151l a kezel\u0151nek riaszt\u00e1st k\u00fcldeni. A c\u00e9g, azon fel\u00fcl, hogy elismert nemzetk\u00f6zi c\u00e9gg\u00e9 v\u00e1lt 1 \u00e9v leforg\u00e1sa alatt, biztos\u00edtotta sz\u00e1momra a szakmai el\u0151rel\u00e9p\u00e9shez sz\u00fcks\u00e9ges t\u00e1ptalajt, nemzetk\u00f6zi egy\u00fcttm\u0171k\u00f6d\u00e9sek, ki\u00e1ll\u00edt\u00e1sokon val\u00f3 r\u00e9szv\u00e9tel \u00e9s k\u00fcl\u00f6nb\u00f6z\u0151 nemzetk\u00f6zi magazinokban val\u00f3 megjelen\u00e9s r\u00e9v\u00e9n.<\/span><\/p>\n<p><span style=\"font-weight: 400;\">M\u00e1r t\u00f6bb mint 10 \u00e9ve dolgozom marketing \u00e9s \u00fczletfejleszt\u00e9si ter\u00fcleten az IT \u00e9s sz\u00e1m\u00edt\u00e1stechnikai ipar\u00e1gon bel\u00fcl. Eddig els\u0151sorban a fizikai biztons\u00e1gtechnikai, illetve h\u00e1l\u00f3zatbiztons\u00e1gi ter\u00fcleteken szereztem tapasztalatot, azonban most a Webonic-n\u00e1l az eddigi B2B-s ismereteimet a B2C piacon szeretn\u00e9m majd hasznos\u00edtani \u2013 ez volt egy\u00e9bk\u00e9nt az els\u0151dleges szempont, amikor a Webonic mellett d\u00f6nt\u00f6ttem.<\/span><\/p>\n<h2><span style=\"font-weight: 400;\">Mi jutott el\u0151sz\u00f6r az eszedbe, amikor meghallottad, hogy Webonic?<\/span><\/h2>\n<p><span style=\"font-weight: 400;\">Egy film, a Keanu Reeves f\u0151szerepl\u00e9s\u00e9vel k\u00e9sz\u00fclt <a href=\"http:\/\/www.imdb.com\/title\/tt0113481\/\">Johnny Mnemonic<\/a>, f\u0151leg a technikai \u00e9s n\u00e9vbeli hasonl\u00f3s\u00e1gok miatt.<\/span><\/p>\n<h2><span style=\"font-weight: 400;\">Mi\u00e9rt a Webonicot v\u00e1lasztottad?<\/span><\/h2>\n<p><span style=\"font-weight: 400;\">Mint m\u00e1r eml\u00edtettem kor\u00e1bban, egy B2C c\u00e9gben is szerettem volna kipr\u00f3b\u00e1lni magam. A B2B-ben alapvet\u0151en nagyon hossz\u00faak a sales ciklusok, aminek sok korl\u00e1toz\u00f3 hat\u00e1sa volt, ezen k\u00edv\u00fcl rengeteg \u00faj \u00f6tletem volt B2C-ben, amit meg szerettem volna val\u00f3s\u00edtani. Jan Cifra-val, a WebSupport Group vezet\u0151j\u00e9vel besz\u00e9lgetve pedig r\u00e1j\u00f6ttem, hogy hasonl\u00f3 a gondolkod\u00e1sm\u00f3dunk a c\u00e9ggel kapcsolatban, \u00e9s ez lehet majd a hat\u00e9kony k\u00f6z\u00f6s munka alapja a k\u00e9s\u0151bbiekben. (A WebSupport \u00fczemelteti a Webonicot &#8211; szerk.)<\/span><\/p>\n<h2><span style=\"font-weight: 400;\">Mi volt az, ami els\u0151k\u00e9nt megtetszett a Webonicn\u00e1l?<\/span><\/h2>\n<p><span style=\"font-weight: 400;\">A csapat. Nagyon \u00fcgyes, j\u00f3l k\u00e9pzett, fiatal csapatot vettem \u00e1t. B\u00e1r nem mindenki dolgozik a c\u00e9gn\u00e9l hossz\u00fa ideje, de a piacon, \u00fcgyf\u00e9lkezel\u00e9s \u00e9s \u00fcgyf\u00e9lkapcsolat ter\u00fclet\u00e9n szerzett tapasztalataik miatt gondolom \u00fagy, hogy kiv\u00e1l\u00f3an tudunk majd egy\u00fctt dolgozni.<\/span><\/p>\n<h2><span style=\"font-weight: 400;\">Mik a r\u00f6vid \u00e9s hossz\u00fa t\u00e1v\u00fa c\u00e9ljaid a Webonicn\u00e1l?<\/span><\/h2>\n<p><span style=\"font-weight: 400;\">R\u00f6vid t\u00e1von az \u00fcgyf\u00e9lszolg\u00e1lat \u00e9s a k\u00fcl\u00f6nb\u00f6z\u0151 folyamatok fejleszt\u00e9se lenne a c\u00e9l, m\u00edg hossz\u00fa t\u00e1von a term\u00e9kpalett\u00e1nkat szeretn\u00e9m b\u0151v\u00edteni a szlov\u00e1k minta alapj\u00e1n. A teljes \u00fcgyf\u00e9lb\u00e1zist \u00e9rint\u0151 dolgokban szeretn\u00e9k v\u00e1ltoz\u00e1sokat hozni, illetve a Netpal\u00e1nt\u00e1hoz, k\u00f6nny\u0171 internethaszn\u00e1lathoz kapcsol\u00f3d\u00f3 megold\u00e1sokat szeretn\u00e9k biztos\u00edtani.<\/span><\/p>\n<h2><span style=\"font-weight: 400;\">Milyen v\u00e1ltoz\u00e1sokra sz\u00e1m\u00edthatnak az \u00fcgyfelek?<\/span><\/h2>\n<p><span style=\"font-weight: 400;\">Az admin fel\u00fclet folyamatosan v\u00e1ltozni fog. Az \u00fcgyfelek visszajelz\u00e9sei alapj\u00e1n a m\u00e1r megl\u00e9v\u0151 fel\u00fcleteket fel\u00fclvizsg\u00e1lni, jav\u00edtani \u00e9s fejleszteni fogjuk, az \u00faj, \u00e1talak\u00edtott fel\u00fcleteket az \u00e9v sor\u00e1n folyamatosan \u00e9s fokozatosan vezetj\u00fck be. Emellett szeretn\u00e9k egy transzparens, k\u00f6zvetlen kommunik\u00e1ci\u00f3s strat\u00e9gi\u00e1t folytatni \u00fcgyfeleinkkel, hogy min\u00e9l ink\u00e1bb a c\u00e9g r\u00e9sz\u00e9nek \u00e9rezhess\u00e9k magukat \u0151k is.<\/span><\/p>\n<h2><span style=\"font-weight: 400;\">Vannak a Webonicn\u00e1l bevett trad\u00edci\u00f3k, szok\u00e1sok?<\/span><\/h2>\n<p><span style=\"font-weight: 400;\">Minden h\u00e9tf\u0151n egy\u00fctt reggeliz\u00fcnk, p\u00e9ntek d\u00e9lut\u00e1nonk\u00e9nt pedig egy\u00fctt s\u00fctiz\u00fcnk, ak\u00e1r egy h\u00e9tnyit\u00f3 \u00e9s h\u00e9tz\u00e1r\u00f3 tal\u00e1lkoz\u00f3, ahol a csapattagok k\u00f6zelebb ker\u00fclhetnek egym\u00e1shoz. A j\u00f3 csapat fontos r\u00e9sze a c\u00e9gnek.<\/span><\/p>\n<h2><span style=\"font-weight: 400;\">Milyen tan\u00e1csot adn\u00e1l a domain n\u00e9v v\u00e1laszt\u00e1s\u00e1n\u00e1l?<\/span><\/h2>\n<p><span style=\"font-weight: 400;\">Mindenk\u00e9ppen r\u00f6vid legyen, mert senki nem szeretne 15-20 karakteres domain neveket be\u00edrnia \u00a0b\u00f6ng\u00e9sz\u0151be, ezen k\u00edv\u00fcl legyen k\u00f6thet\u0151 a szolg\u00e1ltat\u00e1shoz, brandhez, amit k\u00e9pvisel. <\/span><\/p>\n<h2><span style=\"font-weight: 400;\">Kik azok, akinek a legnagyobb sz\u00fcks\u00e9g\u00fck lenne egy weboldalra Magyarorsz\u00e1gon, de jellemz\u0151en m\u00e9g nem rendelkeznek vele?<\/span><\/h2>\n<p><span style=\"font-weight: 400;\">Nagyon sok emberrel besz\u00e9lgetek naponta, akik az interneten keresnek m\u0171szaki szakembereket, de \u0151k nincsenek fent. \u00dagy gondolom, hogy manaps\u00e1g m\u00e1r egy egyszem\u00e9lyes v\u00e1llalkoz\u00e1s sem l\u00e9tezhet weboldal n\u00e9lk\u00fcl, erre a legjobb megold\u00e1s a <a href=\"https:\/\/www.webonic.hu\/netpalanta\">Netpal\u00e1nta<\/a>. &#x263a;<\/span><\/p>\n<h2><span style=\"font-weight: 400;\">Van p\u00e9ldak\u00e9ped? Ha igen, ki \u00e9s mi\u00e9rt?<\/span><\/h2>\n<p><span style=\"font-weight: 400;\">Szem\u00e9lyes oldalon, vagyis f\u00e9lig szem\u00e9lyesen, f\u00e9lig szakmailag \u00e9desap\u00e1m \u00e9s az ap\u00f3som, akik mindketten nagyon sokat letettek az asztalra, hihetetlen dolgokra voltak k\u00e9pesek. Mindkett\u0151j\u00fckt\u0151l nagyon sokat tanultam, mind a ketten olyan emberek, amilyen majd \u00e9n szeretn\u00e9k lenni. Precizit\u00e1suk, odaad\u00e1suk, dedik\u00e1lts\u00e1guk a munka \u00e9s a csal\u00e1d ir\u00e1nt is kiemelked\u0151ek, sz\u00e1momra p\u00e9lda\u00e9rt\u00e9k\u0171 az a kitart\u00e1s \u00e9s odaad\u00e1s, amivel \u0151k k\u00e9pesek voltak a csal\u00e1dot \u00e9s a munk\u00e1t \u00f6sszeegyeztetni.<\/span><\/p>\n<h2><span style=\"font-weight: 400;\">Mit szokt\u00e1l reggelizni?<\/span><\/h2>\n<p><span style=\"font-weight: 400;\">A gy\u00fcm\u00f6lcsjoghurt \u00e9s a csokigoly\u00f3 mindig r\u00e9sze a reggelinek, \u00e9s az elmaradhatatlan k\u00e1v\u00e9. H\u00e9tv\u00e9genk\u00e9nt gyakran csin\u00e1lok valami bonyolultabbat, lehet az egy english breakfast, vagy croque madame, vagy a gomb\u00e1s r\u00e1ntotta.<\/span><\/p>\n<h2><span style=\"font-weight: 400;\">Hogyan iszod a k\u00e1v\u00e9t?<\/span><\/h2>\n<p><span style=\"font-weight: 400;\">Min\u00e9l er\u0151sebben, min\u00e9l tiszt\u00e1bban, a mennyis\u00e9ge az adott napomt\u00f3l f\u00fcgg. Igyekszem legal\u00e1bb kett\u0151t meginni egy nap, egyet reggel, \u00e9s egyet eb\u00e9d ut\u00e1n.<\/span><\/p>\n<h2><span style=\"font-weight: 400;\">A v\u00e9g\u00e9re hagytuk a legnehezebb k\u00e9rd\u00e9st: Bud Spencer vagy Terence Hill?<\/span><\/h2>\n<p><span style=\"font-weight: 400;\">Bud Spencer. Lehet, hogy az\u00e9rt, mert Bujtor filmeket n\u0151ttem fel \u00e9s er\u0151s az \u00e1thall\u00e1s a kett\u0151 k\u00f6z\u00f6tt.<\/span><\/p>\n","protected":false},"excerpt":{"rendered":"<p>A Webonic az elm\u00falt 2 h\u00f3napban t\u00f6bb v\u00e1ltoz\u00e1son ment kereszt\u00fcl. Az \u00faj admin fel\u00fclet mellett a csapat egy \u00faj \u00fcgyvezet\u0151 igazgat\u00f3val b\u0151v\u00fclt. S\u0171dy Andr\u00e1ssal kor\u00e1bbi tapasztalatair\u00f3l, j\u00f6v\u0151beni terveir\u0151l k\u00e9sz\u00edtett\u00fcnk interj\u00fat, n\u00e9h\u00e1ny szem\u00e9lyes hangv\u00e9tel\u0171 k\u00e9rd\u00e9ssel megf\u0171szerezve. Mi volt az els\u0151 munkahelyed? A Margitszigeten voltam a Bring\u00f3 V\u00e1rban kiseg\u00edt\u0151. A bring\u00f3hint\u00f3 kiad\u00e1s mellett gyakran voltam a b\u00fcf\u00e9be [&hellip;]<\/p>\n","protected":false},"author":72,"featured_media":4510,"comment_status":"open","ping_status":"open","sticky":false,"template":"","format":"standard","meta":{"footnotes":""},"categories":[954],"tags":[950,951,952,899,953,955,877],"class_list":["post-4506","post","type-post","status-publish","format-standard","has-post-thumbnail","hentry","category-szinfalak-mogott","tag-bud-spencer","tag-ceo","tag-it-szektor","tag-netpalanta","tag-sudy-andras","tag-ugyvezeto-igazgato","tag-websupport-sk"],"yoast_head":"<!-- This site is optimized with the Yoast SEO plugin v27.4 - https:\/\/yoast.com\/product\/yoast-seo-wordpress\/ -->\n<title>Az IT szektor Bud Spencer-e \u2013 A Webonic \u00faj \u00fcgyvezet\u0151 igazgat\u00f3t v\u00e1lasztott - Websupport.hu Blog<\/title>\n<meta name=\"robots\" content=\"index, follow, max-snippet:-1, max-image-preview:large, max-video-preview:-1\" \/>\n<link rel=\"canonical\" href=\"https:\/\/www.websupport.hu\/blog\/2018\/03\/az-szektor-bud-spencer-e-webonic-uj-ugyvezeto-igazgatot-valasztott\/\" \/>\n<meta property=\"og:locale\" content=\"hu_HU\" \/>\n<meta property=\"og:type\" content=\"article\" \/>\n<meta property=\"og:title\" content=\"Az IT szektor Bud Spencer-e \u2013 A Webonic \u00faj \u00fcgyvezet\u0151 igazgat\u00f3t v\u00e1lasztott - Websupport.hu Blog\" \/>\n<meta property=\"og:description\" content=\"A Webonic az elm\u00falt 2 h\u00f3napban t\u00f6bb v\u00e1ltoz\u00e1son ment kereszt\u00fcl. Az \u00faj admin fel\u00fclet mellett a csapat egy \u00faj \u00fcgyvezet\u0151 igazgat\u00f3val b\u0151v\u00fclt. S\u0171dy Andr\u00e1ssal kor\u00e1bbi tapasztalatair\u00f3l, j\u00f6v\u0151beni terveir\u0151l k\u00e9sz\u00edtett\u00fcnk interj\u00fat, n\u00e9h\u00e1ny szem\u00e9lyes hangv\u00e9tel\u0171 k\u00e9rd\u00e9ssel megf\u0171szerezve. Mi volt az els\u0151 munkahelyed? A Margitszigeten voltam a Bring\u00f3 V\u00e1rban kiseg\u00edt\u0151. A bring\u00f3hint\u00f3 kiad\u00e1s mellett gyakran voltam a b\u00fcf\u00e9be [&hellip;]\" \/>\n<meta property=\"og:url\" content=\"https:\/\/www.websupport.hu\/blog\/2018\/03\/az-szektor-bud-spencer-e-webonic-uj-ugyvezeto-igazgatot-valasztott\/\" \/>\n<meta property=\"og:site_name\" content=\"Websupport.hu Blog\" \/>\n<meta property=\"article:published_time\" content=\"2018-03-14T11:56:45+00:00\" \/>\n<meta property=\"article:modified_time\" content=\"2025-03-11T20:01:49+00:00\" \/>\n<meta property=\"og:image\" content=\"https:\/\/www.websupport.hu\/blog\/app\/uploads\/sites\/3\/2018\/03\/webonic_sudy.jpg\" \/>\n\t<meta property=\"og:image:width\" content=\"1200\" \/>\n\t<meta property=\"og:image:height\" content=\"630\" \/>\n\t<meta property=\"og:image:type\" content=\"image\/jpeg\" \/>\n<meta name=\"author\" content=\"\u00dcr\u00f6gi R\u00e9ka\" \/>\n<meta name=\"twitter:card\" content=\"summary_large_image\" \/>\n<meta name=\"twitter:label1\" content=\"Written by\" \/>\n\t<meta name=\"twitter:data1\" content=\"\u00dcr\u00f6gi R\u00e9ka\" \/>\n\t<meta name=\"twitter:label2\" content=\"Est. reading time\" \/>\n\t<meta name=\"twitter:data2\" content=\"5 perc\" \/>\n<script type=\"application\/ld+json\" class=\"yoast-schema-graph\">{\"@context\":\"https:\\\/\\\/schema.org\",\"@graph\":[{\"@type\":\"Article\",\"@id\":\"https:\\\/\\\/www.websupport.hu\\\/blog\\\/2018\\\/03\\\/az-szektor-bud-spencer-e-webonic-uj-ugyvezeto-igazgatot-valasztott\\\/#article\",\"isPartOf\":{\"@id\":\"https:\\\/\\\/www.websupport.hu\\\/blog\\\/2018\\\/03\\\/az-szektor-bud-spencer-e-webonic-uj-ugyvezeto-igazgatot-valasztott\\\/\"},\"author\":{\"name\":\"\u00dcr\u00f6gi R\u00e9ka\",\"@id\":\"https:\\\/\\\/www.websupport.hu\\\/blog\\\/#\\\/schema\\\/person\\\/a2e365d7243ab0878f371262d2eec1d3\"},\"headline\":\"Az IT szektor Bud Spencer-e \u2013 A Webonic \u00faj \u00fcgyvezet\u0151 igazgat\u00f3t v\u00e1lasztott\",\"datePublished\":\"2018-03-14T11:56:45+00:00\",\"dateModified\":\"2025-03-11T20:01:49+00:00\",\"mainEntityOfPage\":{\"@id\":\"https:\\\/\\\/www.websupport.hu\\\/blog\\\/2018\\\/03\\\/az-szektor-bud-spencer-e-webonic-uj-ugyvezeto-igazgatot-valasztott\\\/\"},\"wordCount\":1110,\"commentCount\":0,\"publisher\":{\"@id\":\"https:\\\/\\\/www.websupport.hu\\\/blog\\\/#organization\"},\"image\":{\"@id\":\"https:\\\/\\\/www.websupport.hu\\\/blog\\\/2018\\\/03\\\/az-szektor-bud-spencer-e-webonic-uj-ugyvezeto-igazgatot-valasztott\\\/#primaryimage\"},\"thumbnailUrl\":\"https:\\\/\\\/www.websupport.hu\\\/blog\\\/app\\\/uploads\\\/sites\\\/3\\\/2018\\\/03\\\/webonic_sudy.jpg\",\"keywords\":[\"Bud Spencer\",\"CEO\",\"IT szektor\",\"netpal\u00e1nta\",\"S\u0171dy Andr\u00e1s\",\"\u00fcgyvezet\u0151 igazgat\u00f3\",\"Websupport.sk\"],\"articleSection\":[\"Sz\u00ednfalak m\u00f6g\u00f6tt\"],\"inLanguage\":\"hu\",\"potentialAction\":[{\"@type\":\"CommentAction\",\"name\":\"Comment\",\"target\":[\"https:\\\/\\\/www.websupport.hu\\\/blog\\\/2018\\\/03\\\/az-szektor-bud-spencer-e-webonic-uj-ugyvezeto-igazgatot-valasztott\\\/#respond\"]}]},{\"@type\":\"WebPage\",\"@id\":\"https:\\\/\\\/www.websupport.hu\\\/blog\\\/2018\\\/03\\\/az-szektor-bud-spencer-e-webonic-uj-ugyvezeto-igazgatot-valasztott\\\/\",\"url\":\"https:\\\/\\\/www.websupport.hu\\\/blog\\\/2018\\\/03\\\/az-szektor-bud-spencer-e-webonic-uj-ugyvezeto-igazgatot-valasztott\\\/\",\"name\":\"Az IT szektor Bud Spencer-e \u2013 A Webonic \u00faj \u00fcgyvezet\u0151 igazgat\u00f3t v\u00e1lasztott - Websupport.hu Blog\",\"isPartOf\":{\"@id\":\"https:\\\/\\\/www.websupport.hu\\\/blog\\\/#website\"},\"primaryImageOfPage\":{\"@id\":\"https:\\\/\\\/www.websupport.hu\\\/blog\\\/2018\\\/03\\\/az-szektor-bud-spencer-e-webonic-uj-ugyvezeto-igazgatot-valasztott\\\/#primaryimage\"},\"image\":{\"@id\":\"https:\\\/\\\/www.websupport.hu\\\/blog\\\/2018\\\/03\\\/az-szektor-bud-spencer-e-webonic-uj-ugyvezeto-igazgatot-valasztott\\\/#primaryimage\"},\"thumbnailUrl\":\"https:\\\/\\\/www.websupport.hu\\\/blog\\\/app\\\/uploads\\\/sites\\\/3\\\/2018\\\/03\\\/webonic_sudy.jpg\",\"datePublished\":\"2018-03-14T11:56:45+00:00\",\"dateModified\":\"2025-03-11T20:01:49+00:00\",\"breadcrumb\":{\"@id\":\"https:\\\/\\\/www.websupport.hu\\\/blog\\\/2018\\\/03\\\/az-szektor-bud-spencer-e-webonic-uj-ugyvezeto-igazgatot-valasztott\\\/#breadcrumb\"},\"inLanguage\":\"hu\",\"potentialAction\":[{\"@type\":\"ReadAction\",\"target\":[\"https:\\\/\\\/www.websupport.hu\\\/blog\\\/2018\\\/03\\\/az-szektor-bud-spencer-e-webonic-uj-ugyvezeto-igazgatot-valasztott\\\/\"]}]},{\"@type\":\"ImageObject\",\"inLanguage\":\"hu\",\"@id\":\"https:\\\/\\\/www.websupport.hu\\\/blog\\\/2018\\\/03\\\/az-szektor-bud-spencer-e-webonic-uj-ugyvezeto-igazgatot-valasztott\\\/#primaryimage\",\"url\":\"https:\\\/\\\/www.websupport.hu\\\/blog\\\/app\\\/uploads\\\/sites\\\/3\\\/2018\\\/03\\\/webonic_sudy.jpg\",\"contentUrl\":\"https:\\\/\\\/www.websupport.hu\\\/blog\\\/app\\\/uploads\\\/sites\\\/3\\\/2018\\\/03\\\/webonic_sudy.jpg\",\"width\":1200,\"height\":630,\"caption\":\"Az IT szektor Bud Spencer-e \u2013 A Webonic \u00faj \u00fcgyvezet\u0151 igazgat\u00f3t v\u00e1lasztott -S\u0171dy Andr\u00e1s\"},{\"@type\":\"BreadcrumbList\",\"@id\":\"https:\\\/\\\/www.websupport.hu\\\/blog\\\/2018\\\/03\\\/az-szektor-bud-spencer-e-webonic-uj-ugyvezeto-igazgatot-valasztott\\\/#breadcrumb\",\"itemListElement\":[{\"@type\":\"ListItem\",\"position\":1,\"name\":\"Home\",\"item\":\"https:\\\/\\\/www.websupport.hu\\\/blog\\\/\"},{\"@type\":\"ListItem\",\"position\":2,\"name\":\"Az IT szektor Bud Spencer-e \u2013 A Webonic \u00faj \u00fcgyvezet\u0151 igazgat\u00f3t v\u00e1lasztott\"}]},{\"@type\":\"WebSite\",\"@id\":\"https:\\\/\\\/www.websupport.hu\\\/blog\\\/#website\",\"url\":\"https:\\\/\\\/www.websupport.hu\\\/blog\\\/\",\"name\":\"Websupport.hu Blog\",\"description\":\"\",\"publisher\":{\"@id\":\"https:\\\/\\\/www.websupport.hu\\\/blog\\\/#organization\"},\"potentialAction\":[{\"@type\":\"SearchAction\",\"target\":{\"@type\":\"EntryPoint\",\"urlTemplate\":\"https:\\\/\\\/www.websupport.hu\\\/blog\\\/?s={search_term_string}\"},\"query-input\":{\"@type\":\"PropertyValueSpecification\",\"valueRequired\":true,\"valueName\":\"search_term_string\"}}],\"inLanguage\":\"hu\"},{\"@type\":\"Organization\",\"@id\":\"https:\\\/\\\/www.websupport.hu\\\/blog\\\/#organization\",\"name\":\"Websupport.hu Blog\",\"url\":\"https:\\\/\\\/www.websupport.hu\\\/blog\\\/\",\"logo\":{\"@type\":\"ImageObject\",\"inLanguage\":\"hu\",\"@id\":\"https:\\\/\\\/www.websupport.hu\\\/blog\\\/#\\\/schema\\\/logo\\\/image\\\/\",\"url\":\"https:\\\/\\\/www.websupport.hu\\\/blog\\\/app\\\/uploads\\\/sites\\\/3\\\/2021\\\/07\\\/websupport-logo.svg\",\"contentUrl\":\"https:\\\/\\\/www.websupport.hu\\\/blog\\\/app\\\/uploads\\\/sites\\\/3\\\/2021\\\/07\\\/websupport-logo.svg\",\"width\":153,\"height\":48,\"caption\":\"Websupport.hu Blog\"},\"image\":{\"@id\":\"https:\\\/\\\/www.websupport.hu\\\/blog\\\/#\\\/schema\\\/logo\\\/image\\\/\"}},{\"@type\":\"Person\",\"@id\":\"https:\\\/\\\/www.websupport.hu\\\/blog\\\/#\\\/schema\\\/person\\\/a2e365d7243ab0878f371262d2eec1d3\",\"name\":\"\u00dcr\u00f6gi R\u00e9ka\",\"image\":{\"@type\":\"ImageObject\",\"inLanguage\":\"hu\",\"@id\":\"https:\\\/\\\/secure.gravatar.com\\\/avatar\\\/a2c05c3c3505be948939588c5c754e007e6a75205c15c8475a8a891b5cfef745?s=96&d=mm&r=g\",\"url\":\"https:\\\/\\\/secure.gravatar.com\\\/avatar\\\/a2c05c3c3505be948939588c5c754e007e6a75205c15c8475a8a891b5cfef745?s=96&d=mm&r=g\",\"contentUrl\":\"https:\\\/\\\/secure.gravatar.com\\\/avatar\\\/a2c05c3c3505be948939588c5c754e007e6a75205c15c8475a8a891b5cfef745?s=96&d=mm&r=g\",\"caption\":\"\u00dcr\u00f6gi R\u00e9ka\"},\"url\":\"https:\\\/\\\/www.websupport.hu\\\/blog\\\/author\\\/reka\\\/\"}]}<\/script>\n<!-- \/ Yoast SEO plugin. -->","yoast_head_json":{"title":"Az IT szektor Bud Spencer-e \u2013 A Webonic \u00faj \u00fcgyvezet\u0151 igazgat\u00f3t v\u00e1lasztott - Websupport.hu Blog","robots":{"index":"index","follow":"follow","max-snippet":"max-snippet:-1","max-image-preview":"max-image-preview:large","max-video-preview":"max-video-preview:-1"},"canonical":"https:\/\/www.websupport.hu\/blog\/2018\/03\/az-szektor-bud-spencer-e-webonic-uj-ugyvezeto-igazgatot-valasztott\/","og_locale":"hu_HU","og_type":"article","og_title":"Az IT szektor Bud Spencer-e \u2013 A Webonic \u00faj \u00fcgyvezet\u0151 igazgat\u00f3t v\u00e1lasztott - Websupport.hu Blog","og_description":"A Webonic az elm\u00falt 2 h\u00f3napban t\u00f6bb v\u00e1ltoz\u00e1son ment kereszt\u00fcl. Az \u00faj admin fel\u00fclet mellett a csapat egy \u00faj \u00fcgyvezet\u0151 igazgat\u00f3val b\u0151v\u00fclt. S\u0171dy Andr\u00e1ssal kor\u00e1bbi tapasztalatair\u00f3l, j\u00f6v\u0151beni terveir\u0151l k\u00e9sz\u00edtett\u00fcnk interj\u00fat, n\u00e9h\u00e1ny szem\u00e9lyes hangv\u00e9tel\u0171 k\u00e9rd\u00e9ssel megf\u0171szerezve. Mi volt az els\u0151 munkahelyed? A Margitszigeten voltam a Bring\u00f3 V\u00e1rban kiseg\u00edt\u0151. A bring\u00f3hint\u00f3 kiad\u00e1s mellett gyakran voltam a b\u00fcf\u00e9be [&hellip;]","og_url":"https:\/\/www.websupport.hu\/blog\/2018\/03\/az-szektor-bud-spencer-e-webonic-uj-ugyvezeto-igazgatot-valasztott\/","og_site_name":"Websupport.hu Blog","article_published_time":"2018-03-14T11:56:45+00:00","article_modified_time":"2025-03-11T20:01:49+00:00","og_image":[{"width":1200,"height":630,"url":"https:\/\/www.websupport.hu\/blog\/app\/uploads\/sites\/3\/2018\/03\/webonic_sudy.jpg","type":"image\/jpeg"}],"author":"\u00dcr\u00f6gi R\u00e9ka","twitter_card":"summary_large_image","twitter_misc":{"Written by":"\u00dcr\u00f6gi R\u00e9ka","Est. reading time":"5 perc"},"schema":{"@context":"https:\/\/schema.org","@graph":[{"@type":"Article","@id":"https:\/\/www.websupport.hu\/blog\/2018\/03\/az-szektor-bud-spencer-e-webonic-uj-ugyvezeto-igazgatot-valasztott\/#article","isPartOf":{"@id":"https:\/\/www.websupport.hu\/blog\/2018\/03\/az-szektor-bud-spencer-e-webonic-uj-ugyvezeto-igazgatot-valasztott\/"},"author":{"name":"\u00dcr\u00f6gi R\u00e9ka","@id":"https:\/\/www.websupport.hu\/blog\/#\/schema\/person\/a2e365d7243ab0878f371262d2eec1d3"},"headline":"Az IT szektor Bud Spencer-e \u2013 A Webonic \u00faj \u00fcgyvezet\u0151 igazgat\u00f3t v\u00e1lasztott","datePublished":"2018-03-14T11:56:45+00:00","dateModified":"2025-03-11T20:01:49+00:00","mainEntityOfPage":{"@id":"https:\/\/www.websupport.hu\/blog\/2018\/03\/az-szektor-bud-spencer-e-webonic-uj-ugyvezeto-igazgatot-valasztott\/"},"wordCount":1110,"commentCount":0,"publisher":{"@id":"https:\/\/www.websupport.hu\/blog\/#organization"},"image":{"@id":"https:\/\/www.websupport.hu\/blog\/2018\/03\/az-szektor-bud-spencer-e-webonic-uj-ugyvezeto-igazgatot-valasztott\/#primaryimage"},"thumbnailUrl":"https:\/\/www.websupport.hu\/blog\/app\/uploads\/sites\/3\/2018\/03\/webonic_sudy.jpg","keywords":["Bud Spencer","CEO","IT szektor","netpal\u00e1nta","S\u0171dy Andr\u00e1s","\u00fcgyvezet\u0151 igazgat\u00f3","Websupport.sk"],"articleSection":["Sz\u00ednfalak m\u00f6g\u00f6tt"],"inLanguage":"hu","potentialAction":[{"@type":"CommentAction","name":"Comment","target":["https:\/\/www.websupport.hu\/blog\/2018\/03\/az-szektor-bud-spencer-e-webonic-uj-ugyvezeto-igazgatot-valasztott\/#respond"]}]},{"@type":"WebPage","@id":"https:\/\/www.websupport.hu\/blog\/2018\/03\/az-szektor-bud-spencer-e-webonic-uj-ugyvezeto-igazgatot-valasztott\/","url":"https:\/\/www.websupport.hu\/blog\/2018\/03\/az-szektor-bud-spencer-e-webonic-uj-ugyvezeto-igazgatot-valasztott\/","name":"Az IT szektor Bud Spencer-e \u2013 A Webonic \u00faj \u00fcgyvezet\u0151 igazgat\u00f3t v\u00e1lasztott - Websupport.hu Blog","isPartOf":{"@id":"https:\/\/www.websupport.hu\/blog\/#website"},"primaryImageOfPage":{"@id":"https:\/\/www.websupport.hu\/blog\/2018\/03\/az-szektor-bud-spencer-e-webonic-uj-ugyvezeto-igazgatot-valasztott\/#primaryimage"},"image":{"@id":"https:\/\/www.websupport.hu\/blog\/2018\/03\/az-szektor-bud-spencer-e-webonic-uj-ugyvezeto-igazgatot-valasztott\/#primaryimage"},"thumbnailUrl":"https:\/\/www.websupport.hu\/blog\/app\/uploads\/sites\/3\/2018\/03\/webonic_sudy.jpg","datePublished":"2018-03-14T11:56:45+00:00","dateModified":"2025-03-11T20:01:49+00:00","breadcrumb":{"@id":"https:\/\/www.websupport.hu\/blog\/2018\/03\/az-szektor-bud-spencer-e-webonic-uj-ugyvezeto-igazgatot-valasztott\/#breadcrumb"},"inLanguage":"hu","potentialAction":[{"@type":"ReadAction","target":["https:\/\/www.websupport.hu\/blog\/2018\/03\/az-szektor-bud-spencer-e-webonic-uj-ugyvezeto-igazgatot-valasztott\/"]}]},{"@type":"ImageObject","inLanguage":"hu","@id":"https:\/\/www.websupport.hu\/blog\/2018\/03\/az-szektor-bud-spencer-e-webonic-uj-ugyvezeto-igazgatot-valasztott\/#primaryimage","url":"https:\/\/www.websupport.hu\/blog\/app\/uploads\/sites\/3\/2018\/03\/webonic_sudy.jpg","contentUrl":"https:\/\/www.websupport.hu\/blog\/app\/uploads\/sites\/3\/2018\/03\/webonic_sudy.jpg","width":1200,"height":630,"caption":"Az IT szektor Bud Spencer-e \u2013 A Webonic \u00faj \u00fcgyvezet\u0151 igazgat\u00f3t v\u00e1lasztott -S\u0171dy Andr\u00e1s"},{"@type":"BreadcrumbList","@id":"https:\/\/www.websupport.hu\/blog\/2018\/03\/az-szektor-bud-spencer-e-webonic-uj-ugyvezeto-igazgatot-valasztott\/#breadcrumb","itemListElement":[{"@type":"ListItem","position":1,"name":"Home","item":"https:\/\/www.websupport.hu\/blog\/"},{"@type":"ListItem","position":2,"name":"Az IT szektor Bud Spencer-e \u2013 A Webonic \u00faj \u00fcgyvezet\u0151 igazgat\u00f3t v\u00e1lasztott"}]},{"@type":"WebSite","@id":"https:\/\/www.websupport.hu\/blog\/#website","url":"https:\/\/www.websupport.hu\/blog\/","name":"Websupport.hu Blog","description":"","publisher":{"@id":"https:\/\/www.websupport.hu\/blog\/#organization"},"potentialAction":[{"@type":"SearchAction","target":{"@type":"EntryPoint","urlTemplate":"https:\/\/www.websupport.hu\/blog\/?s={search_term_string}"},"query-input":{"@type":"PropertyValueSpecification","valueRequired":true,"valueName":"search_term_string"}}],"inLanguage":"hu"},{"@type":"Organization","@id":"https:\/\/www.websupport.hu\/blog\/#organization","name":"Websupport.hu Blog","url":"https:\/\/www.websupport.hu\/blog\/","logo":{"@type":"ImageObject","inLanguage":"hu","@id":"https:\/\/www.websupport.hu\/blog\/#\/schema\/logo\/image\/","url":"https:\/\/www.websupport.hu\/blog\/app\/uploads\/sites\/3\/2021\/07\/websupport-logo.svg","contentUrl":"https:\/\/www.websupport.hu\/blog\/app\/uploads\/sites\/3\/2021\/07\/websupport-logo.svg","width":153,"height":48,"caption":"Websupport.hu Blog"},"image":{"@id":"https:\/\/www.websupport.hu\/blog\/#\/schema\/logo\/image\/"}},{"@type":"Person","@id":"https:\/\/www.websupport.hu\/blog\/#\/schema\/person\/a2e365d7243ab0878f371262d2eec1d3","name":"\u00dcr\u00f6gi R\u00e9ka","image":{"@type":"ImageObject","inLanguage":"hu","@id":"https:\/\/secure.gravatar.com\/avatar\/a2c05c3c3505be948939588c5c754e007e6a75205c15c8475a8a891b5cfef745?s=96&d=mm&r=g","url":"https:\/\/secure.gravatar.com\/avatar\/a2c05c3c3505be948939588c5c754e007e6a75205c15c8475a8a891b5cfef745?s=96&d=mm&r=g","contentUrl":"https:\/\/secure.gravatar.com\/avatar\/a2c05c3c3505be948939588c5c754e007e6a75205c15c8475a8a891b5cfef745?s=96&d=mm&r=g","caption":"\u00dcr\u00f6gi R\u00e9ka"},"url":"https:\/\/www.websupport.hu\/blog\/author\/reka\/"}]}},"_links":{"self":[{"href":"https:\/\/www.websupport.hu\/blog\/wp-json\/wp\/v2\/posts\/4506","targetHints":{"allow":["GET"]}}],"collection":[{"href":"https:\/\/www.websupport.hu\/blog\/wp-json\/wp\/v2\/posts"}],"about":[{"href":"https:\/\/www.websupport.hu\/blog\/wp-json\/wp\/v2\/types\/post"}],"author":[{"embeddable":true,"href":"https:\/\/www.websupport.hu\/blog\/wp-json\/wp\/v2\/users\/72"}],"replies":[{"embeddable":true,"href":"https:\/\/www.websupport.hu\/blog\/wp-json\/wp\/v2\/comments?post=4506"}],"version-history":[{"count":1,"href":"https:\/\/www.websupport.hu\/blog\/wp-json\/wp\/v2\/posts\/4506\/revisions"}],"predecessor-version":[{"id":8643,"href":"https:\/\/www.websupport.hu\/blog\/wp-json\/wp\/v2\/posts\/4506\/revisions\/8643"}],"wp:featuredmedia":[{"embeddable":true,"href":"https:\/\/www.websupport.hu\/blog\/wp-json\/wp\/v2\/media\/4510"}],"wp:attachment":[{"href":"https:\/\/www.websupport.hu\/blog\/wp-json\/wp\/v2\/media?parent=4506"}],"wp:term":[{"taxonomy":"category","embeddable":true,"href":"https:\/\/www.websupport.hu\/blog\/wp-json\/wp\/v2\/categories?post=4506"},{"taxonomy":"post_tag","embeddable":true,"href":"https:\/\/www.websupport.hu\/blog\/wp-json\/wp\/v2\/tags?post=4506"}],"curies":[{"name":"wp","href":"https:\/\/api.w.org\/{rel}","templated":true}]}}