{"id":4778,"date":"2018-07-03T09:02:04","date_gmt":"2018-07-03T07:02:04","guid":{"rendered":"https:\/\/www.websupport.hu\/blog\/?p=4778"},"modified":"2025-03-11T21:01:53","modified_gmt":"2025-03-11T20:01:53","slug":"hogy-kapcsolodik-egymashoz-a-zene-a-macskak-es-a-webonic-interju-selmeczi-viktoriaval","status":"publish","type":"post","link":"https:\/\/www.websupport.hu\/blog\/2018\/07\/hogy-kapcsolodik-egymashoz-a-zene-a-macskak-es-a-webonic-interju-selmeczi-viktoriaval\/","title":{"rendered":"Hogy kapcsol\u00f3dik egym\u00e1shoz a zene, a macsk\u00e1k \u00e9s a Webonic? &#8211; Interj\u00fa Selmeczi Vikt\u00f3ri\u00e1val"},"content":{"rendered":"<p>Selmeczi Vikt\u00f3ria, vagy ahogy mi ismerj\u00fck, Wiki, a Webonic \u00fcgyf\u00e9lszolg\u00e1lati csapat\u00e1nak oszlopos tagja. Olvass\u00e1tok el a vele k\u00e9sz\u00edtett interj\u00fat!<\/p>\n<h2><span style=\"font-weight: 400;\">Hogyan jutott\u00e1l el az eg\u00e9szs\u00e9g\u00fcgyt\u0151l az IT-ig?<\/span><\/h2>\n<p><span style=\"font-weight: 400;\">Eg\u00e9szs\u00e9g\u00fcgyi szakk\u00f6z\u00e9piskol\u00e1ba j\u00e1rtam \u00e9s b\u00e1r nagyon szerettem a szakmai t\u00e1rgyakat v\u00e9g\u00fcl nem ezen a ter\u00fcleten tanultam tov\u00e1bb.<\/span><span style=\"font-weight: 400;\"> K\u00f6z\u00e9piskol\u00e1ban m\u00e1r ink\u00e1bb a marketing \u00e9s az IT volt ami <\/span><span style=\"font-weight: 400;\">igaz\u00e1n <\/span><span style=\"font-weight: 400;\">\u00e9rdekelt. <\/span><span style=\"font-weight: 400;\">Mindenk\u00e9ppen valami kreat\u00edvat, sz\u00edneset szerettem volna, \u00edgy j\u00f6tt az IT \u00e9s a web. Az\u00e9rt a mai napig eszembe jut, hogy sz\u00edvesen lenn\u00e9k ment\u0151s.<\/span><\/p>\n<h2><span style=\"font-weight: 400;\">Mi\u00f3ta dolgozol a Webonicn\u00e1l?<\/span><\/h2>\n<p><span style=\"font-weight: 400;\">2014 m\u00e1rcius\u00e1ban kezdtem, <\/span><span style=\"font-weight: 400;\">ha j\u00f3l eml\u00e9kszem 18-\u00e1n<\/span><span style=\"font-weight: 400;\">. El\u0151tte nem dolgoztam hasonl\u00f3 ter\u00fcleten, <\/span><span style=\"font-weight: 400;\">csak a saj\u00e1t sz\u00f3rakoz\u00e1somra, vagy ismer\u0151s\u00f6knek k\u00e9sz\u00edtettem blog sablonokat. Els\u0151 munkahelyem Sz\u00e9kesfeh\u00e9rv\u00e1ron volt egy \u00e9p\u00edt\u00e9sz c\u00e9gn\u00e9l, mint<\/span><span style=\"font-weight: 400;\"> marketing asszisztens, ut\u00e1na M\u00f3ron dolgoztam. Ezut\u00e1n l\u00e1ttam az akkor m\u00e9g Gy\u00fcm\u00f6lcst\u00e1rhely-k\u00e9nt ismert Webonic-os hirdet\u00e9st, \u00e9s jelentkeztem.<\/span><\/p>\n<h2><span style=\"font-weight: 400;\">Mik a kedvenc \u00fcgyf\u00e9l \u00e9lm\u00e9nyeid?<\/span><\/h2>\n<p><span style=\"font-weight: 400;\">Volt egy \u00fcgyf\u00e9l\u00fcnk, aki .hu-s domain nevet szeretett volna, de azt nem lehetett titkos\u00edtani. V\u00e9g\u00fcl siker\u00fclt <\/span><span style=\"font-weight: 400;\">meggy\u0151zn\u00f6m \u00e9s <\/span><span style=\"font-weight: 400;\">ugyanazt a domain nevet .net v\u00e9gz\u0151d\u00e9ssel <\/span><span style=\"font-weight: 400;\">regisztr\u00e1ltuk<\/span><span style=\"font-weight: 400;\">, amivel megoldottuk a probl\u00e9m\u00e1t.<\/span><\/p>\n<p><span style=\"font-weight: 400;\">Nagyon sok r\u00e9gi \u00fcgyfel\u00fcnk van, akik rendszeresen felh\u00edvnak minket, <\/span><span style=\"font-weight: 400;\">\u00e9s ilyenkor a probl\u00e9ma megold\u00e1s\u00e1n k\u00edv\u00fcl<\/span><span style=\"font-weight: 400;\"> megk\u00e9rdezik, hogy vagyunk, <\/span><span style=\"font-weight: 400;\">milyen id\u0151 van Feh\u00e9rv\u00e1ron<\/span><span style=\"font-weight: 400;\">. Nagyon j\u00f3, hogy sok \u00fcgyf\u00e9llel ilyen szem\u00e9lyes kapcsolatunk van, ez motiv\u00e1l\u00f3 a munka sor\u00e1n.<\/span><\/p>\n<p><span style=\"font-weight: 400;\">Egy m\u00e1sik j\u00f3 sztori volt a Cs\u00edki S\u00f6r domain-je. <\/span><span style=\"font-weight: 400;\">A mi seg\u00edts\u00e9g\u00fcnkkel siker\u00fclt regisztr\u00e1lniuk a domaint \u00e9s megnyerni a Tan\u00e1csad\u00f3 Test\u00fcleti elj\u00e1r\u00e1st.<\/span><span style=\"font-weight: 400;\"> A Cs\u00edki S\u00f6r egy\u00e9bk\u00e9nt a mai napig \u00fcgyfel\u00fcnk, m\u00e9g mindig van n\u00e1lunk t\u00e1rhely\u00fck, illetve rengeteg domain-j\u00fck.<\/span><\/p>\n<p><span style=\"font-weight: 400;\">Egy m\u00e1sik sztori ami eszembe jutott egy esk\u00fcv\u0151vel kapcsolatban t\u00f6rt\u00e9nt. A p\u00e1r a keresztneveiket szerette volna domain-k\u00e9nt regisztr\u00e1lni, de vannak olyan keresztnevek, amiket vezet\u00e9kn\u00e9vk\u00e9nt is haszn\u00e1lnak. Ebb\u0151l ad\u00f3dott a probl\u00e9ma, <\/span><span style=\"font-weight: 400;\">mert nevet .hu domaink\u00e9nt csak a n\u00e9v visel\u0151je, vagy az \u00e1ltala meghatalmazott szem\u00e9ly\/szervezet regisztr\u00e1lhat. A p\u00e1r k\u00e9ts\u00e9gbe volt esve, hogy nem siker\u00fclt a regisztr\u00e1ci\u00f3, m\u00e1r<\/span><span style=\"font-weight: 400;\"> az esk\u00fcv\u0151i megh\u00edv\u00f3k m\u00e1r ki voltak k\u00fcldve a meg\u00e1lmodott domain n\u00e9vvel. \u00cdgy a Facebook-on kerest\u00fcnk egy <\/span><span style=\"font-weight: 400;\">megegyez\u0151<\/span><span style=\"font-weight: 400;\"> nev\u0171 embert, aki ilyen vezet\u00e9kn\u00e9v-keresztn\u00e9v kombin\u00e1ci\u00f3val rendelkezett. V\u00e9g\u00fcl egy fiatal l\u00e1nyra esett a v\u00e1laszt\u00e1s, aki \u00edrt egy meghatalmaz\u00e1s, hogy domain-t <\/span><span style=\"font-weight: 400;\">regisztr\u00e1lhassunk a v\u0151leg\u00e9ny nev\u00e9re.<\/span><\/p>\n<p><span style=\"font-weight: 400;\">Nagyon sokf\u00e9le probl\u00e9m\u00e1val keresnek meg minket nap mint nap, \u00e9s \u00fcgyf\u00e9lszolg\u00e1latosk\u00e9nt els\u0151dleges c\u00e9lunk, hogy ezeket, ak\u00e1r kreat\u00edv m\u00f3dszerekkel is, de megoldjuk.<\/span><\/p>\n<h2><span style=\"font-weight: 400;\">Mik voltak az eddigi legfurcs\u00e1bb k\u00e9rd\u00e9sek \u00fcgyfelekt\u0151l?<\/span><\/h2>\n<p><span style=\"font-weight: 400;\">Nekem tulajdonk\u00e9ppen m\u00e1r az is furcsa, amikor megk\u00e9rdezik, mi az a domain n\u00e9v, vagy mi az email c\u00edm. Lehet ez az\u00e9rt van, mert nekem ezek m\u00e1r teljesen \u00e1ltal\u00e1nos kifejez\u00e9seknek sz\u00e1m\u00edtanak. Vannak olyan esetek is, amikor megk\u00e9rdezem, mi az \u00fcgyf\u00e9l domain neve, \u00e9s \u0151 email c\u00edmet ad meg. Sok p\u00e9lda van arra, amikor az \u00fcgyfelek val\u00f3j\u00e1ban nem tudj\u00e1k, mit szeretn\u00e9nek. <\/span><span style=\"font-weight: 400;\">Ilyenkor megk\u00e9rj\u00fck \u0151ket, hogy mondj\u00e1k el mi lenne a v\u00e9gs\u0151 c\u00e9l, ahov\u00e1 szeretn\u00e9nek kilyukadni, \u00e9s ezut\u00e1n m\u00e1r tudunk seg\u00edteni, hogy milyen szolg\u00e1ltat\u00e1sra is van sz\u00fcks\u00e9g\u00fck.<\/span><\/p>\n<p><span style=\"font-weight: 400;\">El\u0151fordult m\u00e1r olyan is, hogy t\u00e9vesen h\u00edvtak minket. A webshopokn\u00e1l k\u00f6telez\u0151 felt\u00fcntetni a mi el\u00e9rhet\u0151s\u00e9geinket is, \u00e9s volt, hogy telefon\u00e1ltak, hogy kerti s\u00e1trat szeretn\u00e9nek venni, vagy, hogy hogyan kell int\u00e9zni a garanci\u00e1t <\/span><span style=\"font-weight: 400;\">a term\u00e9kn\u00e9l<\/span><span style=\"font-weight: 400;\">. Ilyenkor az adott webshop oldal\u00e1n keres\u00fcnk egy m\u00e1sik el\u00e9rhet\u0151s\u00e9get (ami nem a Webonic-\u00e9) \u00e9s \u00e1tir\u00e1ny\u00edtjuk az \u00fcgyfeleket.<\/span><\/p>\n<h2><span style=\"font-weight: 400;\">M\u00e1r t\u00f6bb mint 4 \u00e9ve dolgozol a Webonic-n\u00e1l. Mi volt a kedvenc Webonic-os \u00e9lm\u00e9nyed eddig?<\/span><\/h2>\n<p><span style=\"font-weight: 400;\">Nagyon szeretem a c\u00e9ges bulikat Pozsonyban \u00e9s a kar\u00e1csonyi \u00f6sszej\u00f6veteleket, de a 15 \u00e9ves sz\u00fclet\u00e9snapunk volt az egyik legjobb, amire kiemelt \u00fcgyfeleinket is megh\u00edvtuk, \u00e9s nagyon j\u00f3 volt megismerni \u0151ket szemt\u0151l szemben is. Itthoni vonatkoz\u00e1sban: tal\u00e1n a lecs\u00f3f\u0151z\u0151 fesztiv\u00e1lt eml\u00edten\u00e9m, <\/span><span style=\"font-weight: 400;\">vagy a k\u00f6z\u00f6s hamburger k\u00e9sz\u00edt\u00e9st az irod\u00e1ban, palacsinta s\u00fct\u00e9st<\/span><span style=\"font-weight: 400;\">. <\/span><span style=\"font-weight: 400;\">Mindig <\/span><span style=\"font-weight: 400;\">j\u00f3 m\u00f3ka egy\u00fctt f\u0151zni, <\/span><span style=\"font-weight: 400;\">\u00e9s egy\u00fctt enni<\/span><span style=\"font-weight: 400;\">. <\/span><span style=\"font-weight: 400;\">Na \u00e9s a LAN parti munka ut\u00e1n is nagyon szuper volt!<\/span><span style=\"font-weight: 400;\"> Minden esem\u00e9ny j\u00f3 igaz\u00e1b\u00f3l, amikor \u00f6sszej\u00f6n a csapat, ilyenkor lehet besz\u00e9lgetni, megismerhetj\u00fck egym\u00e1st a munk\u00e1n k\u00edv\u00fcl is.<\/span><\/p>\n<h2><span style=\"font-weight: 400;\">Milyen zen\u00e9t hallgatsz munka k\u00f6zben? Ki teszi be a spotify list\u00e1t a k\u00f6z\u00f6sbe?<\/span><\/h2>\n<p><span style=\"font-weight: 400;\">R\u00e9gen mindig a saj\u00e1t Spotify profilommal jelentkeztem be, \u00e9s a saj\u00e1t zen\u00e9imet j\u00e1tszottam. <\/span><span style=\"font-weight: 400;\">Legink\u00e1bb rap, vagy r\u2019n\u2019b, hip-hop zen\u00e9t szeretek hallgatni, de mivel ezt nem mindenki szereti, \u00edgy hagyom a t\u00f6bbieket is \u00e9rv\u00e9nyes\u00fclni. <\/span><span style=\"font-weight: 400;\">\u00a0Azt\u00e1n ahogy a koll\u00e9g\u00e1k is kezdtek hozz\u00e1adni zen\u00e9ket a lej\u00e1tsz\u00e1si list\u00e1imhoz, egyre nagyobb sz\u00fcks\u00e9g volt a saj\u00e1t c\u00e9ges Spotify profilra,<\/span><span style=\"font-weight: 400;\"> hogy b\u00e1rki b\u00e1rmikor elkapcsolhasson egy-egy zen\u00e9t<\/span><span style=\"font-weight: 400;\">. L\u00e9trehoztunk egy fi\u00f3kot, amibe mindenki be tud jelentkezni, \u00e9s a csatlakoztatott eszk\u00f6z\u00f6k\u00f6n le tudj\u00e1k j\u00e1tszani a kedvenceket. \u00c1ltal\u00e1ban <\/span><span style=\"font-weight: 400;\">az \u00e9n g\u00e9pemhez van csatlakoztatva a hangfal<\/span><span style=\"font-weight: 400;\">, hiszen \u00e9n \u00fcl\u00f6k a legk\u00f6zelebb <\/span><span style=\"font-weight: 400;\">hozz\u00e1<\/span><span style=\"font-weight: 400;\">. <\/span><span style=\"font-weight: 400;\">N\u00e9ha felbukkannak nagyon vicces zen\u00e9k is<\/span><span style=\"font-weight: 400;\">, amik valami v\u00e9letlen folyt\u00e1n ker\u00fclnek be a lej\u00e1tsz\u00e1si list\u00e1inkba. \ud83d\ude42 <\/span><span style=\"font-weight: 400;\">Kis cs\u00ednytev\u00e9sek, amik feldobj\u00e1k a napunkat.<\/span><\/p>\n<p><span style=\"font-weight: 400;\">Jelenleg van p\u00e1r nyilv\u00e1nos list\u00e1nk, amibe mindenki elment kb. 3-4 zen\u00e9t. Van egy h\u00e9tind\u00edt\u00f3 list\u00e1nk is, hogy felp\u00f6rgess\u00fck a munk\u00e1t h\u00e9tf\u0151nk\u00e9t. N\u00e9h\u00e1nyan nagyon szeretik a retr\u00f3 zen\u00e9t, \u00edgy gyakran szokott retr\u00f3 buli is lenni, f\u0151leg a h\u00e9t v\u00e9ge fel\u00e9.<\/span><\/p>\n<p><iframe title=\"Spotify Embed: H\u00e9tind\u00edt\u00f3\" style=\"border-radius: 12px\" width=\"100%\" height=\"352\" frameborder=\"0\" allowfullscreen allow=\"autoplay; clipboard-write; encrypted-media; fullscreen; picture-in-picture\" loading=\"lazy\" src=\"https:\/\/open.spotify.com\/embed\/playlist\/1BeWs7njYgj4InID660VNz?si=8vq3RsoVTEeoiagBtmeGiA&#038;utm_source=oembed\"><\/iframe><\/p>\n<p><iframe title=\"Spotify Embed: V\u00e9gre p\u00e9ntek!\" style=\"border-radius: 12px\" width=\"100%\" height=\"352\" frameborder=\"0\" allowfullscreen allow=\"autoplay; clipboard-write; encrypted-media; fullscreen; picture-in-picture\" loading=\"lazy\" src=\"https:\/\/open.spotify.com\/embed\/playlist\/2Hy1uFWrhbRYWLqkIfK8b6?si=sP7vymnlQlO3bWUkjnTeiw&#038;utm_source=oembed\"><\/iframe><\/p>\n<h2><span style=\"font-weight: 400;\">Mit csin\u00e1lsz munka ut\u00e1n? Mik a kedvenc hobbijaid?<\/span><\/h2>\n<p><span style=\"font-weight: 400;\">Mivel M\u00f3ron \u00e9lek, minden nap buszozok egy \u00f3r\u00e1t, \u00edgy v\u00e9g\u00fcl csak 6 &#8211; negyed 7 k\u00f6r\u00fcl \u00e9rek haza. De ha tehetem &#8211; \u00e9s nem vagyok t\u00fal f\u00e1radt &#8211; szeretek bring\u00e1zni a V\u00e9rtes l\u00e1b\u00e1n\u00e1l, van ott egy szuper bicikli \u00fat. H\u00e9tv\u00e9gente pedig g\u00f6rdeszk\u00e1zni szoktam az unoka\u00f6cs\u00e9immel. Egy\u00e9bk\u00e9nt a sz\u00e1m\u00edt\u00f3g\u00e9pes j\u00e1t\u00e9kok azok, amik <\/span><span style=\"font-weight: 400;\">igaz\u00e1n <\/span><span style=\"font-weight: 400;\">ki tudnak kapcsolni.<\/span><\/p>\n<p><span style=\"font-weight: 400;\">A buszon \u00e1ltal\u00e1ban zen\u00e9t szoktam hallgatni, <\/span><span style=\"font-weight: 400;\">vagy csendben a t\u00e1jat b\u00e1mulva \u00e1tgondolom a napomat<\/span><span style=\"font-weight: 400;\">.<\/span><\/p>\n<h2><span style=\"font-weight: 400;\">Mi a reggeli rutinod?<\/span><\/h2>\n<p><img loading=\"lazy\" decoding=\"async\" class=\"alignright wp-image-4780 \" src=\"https:\/\/www.websupport.hu\/blogoads\/sites\/3\/2018\/07\/Napfu\u0308rdo\u030bze\u0301s-300x300.jpg\" alt=\"\" width=\"277\" height=\"277\" srcset=\"https:\/\/www.websupport.hu\/blog\/app\/uploads\/sites\/3\/2018\/07\/Napfu\u0308rdo\u030bze\u0301s-300x300.jpg 300w, https:\/\/www.websupport.hu\/blog\/app\/uploads\/sites\/3\/2018\/07\/Napfu\u0308rdo\u030bze\u0301s-150x150.jpg 150w, https:\/\/www.websupport.hu\/blog\/app\/uploads\/sites\/3\/2018\/07\/Napfu\u0308rdo\u030bze\u0301s-768x768.jpg 768w, https:\/\/www.websupport.hu\/blog\/app\/uploads\/sites\/3\/2018\/07\/Napfu\u0308rdo\u030bze\u0301s-1024x1024.jpg 1024w, https:\/\/www.websupport.hu\/blog\/app\/uploads\/sites\/3\/2018\/07\/Napfu\u0308rdo\u030bze\u0301s.jpg 1080w\" sizes=\"auto, (max-width: 277px) 100vw, 277px\" \/><\/p>\n<p><span style=\"font-weight: 400;\">A kapkod\u00e1s &#8211; \u00c1ltal\u00e1ban le is vagyok tolva ez\u00e9rt, \u00e9s pr\u00f3b\u00e1lnak \u00f6szt\u00f6n\u00f6zni arra, hogy keljek fel \u00e9s k\u00e9sz\u00fcljek el id\u0151ben. Reggelente legal\u00e1bb h\u00e1romszor kinyomom az \u00e9breszt\u0151t, \u00e9s ut\u00e1na meg persze kezd\u0151dik a rohan\u00e1s. Az els\u0151 dolog, hogy megetetem a macsk\u00e1imat, ak\u00e1r csukott szemmel is. K\u00e9t macsk\u00e1m van, Cuki \u00e9s Mia, \u00e9s ha nem kapnak enni <\/span><span style=\"font-weight: 400;\">\u00e9bred\u00e9s ut\u00e1n azonnal<\/span><span style=\"font-weight: 400;\">, akkor nagy l\u00e1rm\u00e1t csapnak. A macskaetet\u00e9s ut\u00e1n <\/span><span style=\"font-weight: 400;\">j\u00f6het klasszikus k\u00e9sz\u00fcl\u0151d\u00e9s, egy k\u00e1v\u00e9, majd zuhanyz\u00e1s, fogmos\u00e1s.<\/span><\/p>\n<h2><span style=\"font-weight: 400;\">Gyakorlatilag meg is v\u00e1laszoltad a k\u00f6vetkez\u0151 k\u00e9rd\u00e9s\u00fcnket, de az\u00e9rt \u00edme: K\u00e1v\u00e9, tea, vagy egyik sem?<\/span><\/h2>\n<p><span style=\"font-weight: 400;\">Is-is, minden reggel k\u00e1v\u00e9zom, de te\u00e1t is szoktam inni, f\u0151leg ha rossz id\u0151 van, vagy megf\u00e1ztam. A l\u00e1nyok az irod\u00e1ban <\/span><span style=\"font-weight: 400;\">szoktak h\u0171v\u00f6sebb id\u0151ben<\/span><span style=\"font-weight: 400;\"> gy\u00f3gyte\u00e1kat is k\u00e9sz\u00edteni, ami nem tartozik a kedvenceim k\u00f6z\u00e9, <\/span><span style=\"font-weight: 400;\">de seg\u00edt a megf\u00e1z\u00e1sokn\u00e1l, sz\u00f3val musz\u00e1j<\/span><span style=\"font-weight: 400;\"> meginni.<\/span><\/p>\n<h2><span style=\"font-weight: 400;\">Hogyan eszed a palacsint\u00e1t?<\/span><\/h2>\n<p><span style=\"font-weight: 400;\">Klasszikusan: kaka\u00f3s, lekv\u00e1ros, t\u00far\u00f3s form\u00e1ban. <\/span><span style=\"font-weight: 400;\">A nagymam\u00e1m \u00e1ltal k\u00e9sz\u00edtett lekv\u00e1r a legjobb palacsint\u00e1ban, f\u0151leg a birsalma! Az\u00e9rt megy a verseny apuk\u00e1mmal. \ud83d\ude42<\/span><\/p>\n<h2><span style=\"font-weight: 400;\">Mi az ami nem maradhat ki a napodb\u00f3l?<\/span><\/h2>\n<p><span style=\"font-weight: 400;\">A reggeli k\u00e1v\u00e9, \u00e9s az emailek, \u00e9s a Slack ellen\u0151rz\u00e9se. Ezeket m\u00e9g akkor is megn\u00e9zem, amikor szabads\u00e1gon vagyok. De ezen k\u00edv\u00fcl nincs kifejezetten semmi extra, mindennapos tev\u00e9kenys\u00e9gem. <\/span><\/p>\n<h2><span style=\"font-weight: 400;\">Mi a legfurcs\u00e1bb t\u00e1rgy a t\u00e1sk\u00e1dban?<\/span><\/h2>\n<p><img loading=\"lazy\" decoding=\"async\" class=\"alignright wp-image-4779 size-medium\" src=\"https:\/\/www.websupport.hu\/blogoads\/sites\/3\/2018\/07\/Our-cats-3-cat-cats-mycats-kitten-mia-cuki-300x300.jpg\" alt=\"\" width=\"300\" height=\"300\" srcset=\"https:\/\/www.websupport.hu\/blog\/app\/uploads\/sites\/3\/2018\/07\/Our-cats-3-cat-cats-mycats-kitten-mia-cuki-300x300.jpg 300w, https:\/\/www.websupport.hu\/blog\/app\/uploads\/sites\/3\/2018\/07\/Our-cats-3-cat-cats-mycats-kitten-mia-cuki-150x150.jpg 150w, https:\/\/www.websupport.hu\/blog\/app\/uploads\/sites\/3\/2018\/07\/Our-cats-3-cat-cats-mycats-kitten-mia-cuki.jpg 640w\" sizes=\"auto, (max-width: 300px) 100vw, 300px\" \/><\/p>\n<p><span style=\"font-weight: 400;\">Tal\u00e1n<\/span><span style=\"font-weight: 400;\"> a mini sz\u0151relt\u00e1vol\u00edt\u00f3 henger, ami sz\u00e1momra alapfelszerel\u00e9s, hiszen k\u00e9t macsk\u00e1m van, de m\u00e1sok sz\u00e1m\u00e1ra tal\u00e1n furcsa lehet. A napi rutinhoz egy kis kieg\u00e9sz\u00edt\u00e9s: minden nap leszedem a macskasz\u0151rt a ruh\u00e1imr\u00f3l.<\/span><\/p>\n<h2><span style=\"font-weight: 400;\">Honnan j\u00f6tt a dupla w-s n\u00e9v? Mi el\u0151sz\u00f6r a wiki-p\u00e9di\u00e1ra gondoltunk.<\/span><\/h2>\n<p><span style=\"font-weight: 400;\">M\u00e9g nagyon r\u00e9gen, amikor <\/span><span style=\"font-weight: 400;\">az els\u0151 <\/span><span style=\"font-weight: 400;\">email c\u00edmet csin\u00e1ltam <\/span><span style=\"font-weight: 400;\">tal\u00e1n 10 \u00e9vesen<\/span><span style=\"font-weight: 400;\">, nem szerettem volna egy sima <\/span><a href=\"mailto:viki@freemail.hu\"><span style=\"font-weight: 400;\">viki@freemail.hu<\/span><\/a><span style=\"font-weight: 400;\">-s email c\u00edmet. Sokan voltak akkoriban, akik ck-val, <\/span><span style=\"font-weight: 400;\">vagy y-al<\/span><span style=\"font-weight: 400;\"> \u00edrt\u00e1k a Vikit, <\/span><span style=\"font-weight: 400;\">de nem akartam beolvadni<\/span><span style=\"font-weight: 400;\">, \u00edgy j\u00f6tt tulajdonk\u00e9ppen a Wiki. Ezt a nevet ink\u00e1bb Slack-en \u00e9s online fel\u00fcleteken haszn\u00e1lom, j\u00e1t\u00e9kokban, <\/span><span style=\"font-weight: 400;\">priv\u00e1t <\/span><span style=\"font-weight: 400;\">emailekben.<\/span><\/p>\n","protected":false},"excerpt":{"rendered":"<p>Selmeczi Vikt\u00f3ria, vagy ahogy mi ismerj\u00fck, Wiki, a Webonic \u00fcgyf\u00e9lszolg\u00e1lati csapat\u00e1nak oszlopos tagja. Olvass\u00e1tok el a vele k\u00e9sz\u00edtett interj\u00fat! Hogyan jutott\u00e1l el az eg\u00e9szs\u00e9g\u00fcgyt\u0151l az IT-ig? Eg\u00e9szs\u00e9g\u00fcgyi szakk\u00f6z\u00e9piskol\u00e1ba j\u00e1rtam \u00e9s b\u00e1r nagyon szerettem a szakmai t\u00e1rgyakat v\u00e9g\u00fcl nem ezen a ter\u00fcleten tanultam tov\u00e1bb. K\u00f6z\u00e9piskol\u00e1ban m\u00e1r ink\u00e1bb a marketing \u00e9s az IT volt ami igaz\u00e1n \u00e9rdekelt. [&hellip;]<\/p>\n","protected":false},"author":72,"featured_media":4785,"comment_status":"open","ping_status":"open","sticky":false,"template":"","format":"standard","meta":{"footnotes":""},"categories":[954],"tags":[1022,1023,1024,87,1025,368],"class_list":["post-4778","post","type-post","status-publish","format-standard","has-post-thumbnail","hentry","category-szinfalak-mogott","tag-macska","tag-selmeczi-viktoria","tag-spotify","tag-ugyfelszolgalat","tag-webonic-team","tag-wiki"],"yoast_head":"<!-- This site is optimized with the Yoast SEO plugin v27.4 - https:\/\/yoast.com\/product\/yoast-seo-wordpress\/ -->\n<title>Hogy kapcsol\u00f3dik egym\u00e1shoz a zene, a macsk\u00e1k \u00e9s a Webonic? - Interj\u00fa Selmeczi Vikt\u00f3ri\u00e1val - Websupport.hu Blog<\/title>\n<meta name=\"description\" content=\"Selmeczi Vikt\u00f3ria, vagy ahogy mi ismerj\u00fck, Wiki, a Webonic \u00fcgyf\u00e9lszolg\u00e1lati csapat\u00e1nak oszlopos tagja. Olvass\u00e1tok el a vele k\u00e9sz\u00edtett interj\u00fat!\" \/>\n<meta name=\"robots\" content=\"index, follow, max-snippet:-1, max-image-preview:large, max-video-preview:-1\" \/>\n<link rel=\"canonical\" href=\"https:\/\/www.websupport.hu\/blog\/2018\/07\/hogy-kapcsolodik-egymashoz-a-zene-a-macskak-es-a-webonic-interju-selmeczi-viktoriaval\/\" \/>\n<meta property=\"og:locale\" content=\"hu_HU\" \/>\n<meta property=\"og:type\" content=\"article\" \/>\n<meta property=\"og:title\" content=\"Hogy kapcsol\u00f3dik egym\u00e1shoz a zene, a macsk\u00e1k \u00e9s a Webonic? - Interj\u00fa Selmeczi Vikt\u00f3ri\u00e1val - Websupport.hu Blog\" \/>\n<meta property=\"og:description\" content=\"Selmeczi Vikt\u00f3ria, vagy ahogy mi ismerj\u00fck, Wiki, a Webonic \u00fcgyf\u00e9lszolg\u00e1lati csapat\u00e1nak oszlopos tagja. Olvass\u00e1tok el a vele k\u00e9sz\u00edtett interj\u00fat!\" \/>\n<meta property=\"og:url\" content=\"https:\/\/www.websupport.hu\/blog\/2018\/07\/hogy-kapcsolodik-egymashoz-a-zene-a-macskak-es-a-webonic-interju-selmeczi-viktoriaval\/\" \/>\n<meta property=\"og:site_name\" content=\"Websupport.hu Blog\" \/>\n<meta property=\"article:published_time\" content=\"2018-07-03T07:02:04+00:00\" \/>\n<meta property=\"article:modified_time\" content=\"2025-03-11T20:01:53+00:00\" \/>\n<meta property=\"og:image\" content=\"https:\/\/www.websupport.hu\/blog\/app\/uploads\/sites\/3\/2018\/07\/Wiki.png\" \/>\n\t<meta property=\"og:image:width\" content=\"1200\" \/>\n\t<meta property=\"og:image:height\" content=\"630\" \/>\n\t<meta property=\"og:image:type\" content=\"image\/png\" \/>\n<meta name=\"author\" content=\"\u00dcr\u00f6gi R\u00e9ka\" \/>\n<meta name=\"twitter:card\" content=\"summary_large_image\" \/>\n<meta name=\"twitter:label1\" content=\"Written by\" \/>\n\t<meta name=\"twitter:data1\" content=\"\u00dcr\u00f6gi R\u00e9ka\" \/>\n\t<meta name=\"twitter:label2\" content=\"Est. reading time\" \/>\n\t<meta name=\"twitter:data2\" content=\"8 perc\" \/>\n<script type=\"application\/ld+json\" class=\"yoast-schema-graph\">{\"@context\":\"https:\\\/\\\/schema.org\",\"@graph\":[{\"@type\":\"Article\",\"@id\":\"https:\\\/\\\/www.websupport.hu\\\/blog\\\/2018\\\/07\\\/hogy-kapcsolodik-egymashoz-a-zene-a-macskak-es-a-webonic-interju-selmeczi-viktoriaval\\\/#article\",\"isPartOf\":{\"@id\":\"https:\\\/\\\/www.websupport.hu\\\/blog\\\/2018\\\/07\\\/hogy-kapcsolodik-egymashoz-a-zene-a-macskak-es-a-webonic-interju-selmeczi-viktoriaval\\\/\"},\"author\":{\"name\":\"\u00dcr\u00f6gi R\u00e9ka\",\"@id\":\"https:\\\/\\\/www.websupport.hu\\\/blog\\\/#\\\/schema\\\/person\\\/a2e365d7243ab0878f371262d2eec1d3\"},\"headline\":\"Hogy kapcsol\u00f3dik egym\u00e1shoz a zene, a macsk\u00e1k \u00e9s a Webonic? &#8211; Interj\u00fa Selmeczi Vikt\u00f3ri\u00e1val\",\"datePublished\":\"2018-07-03T07:02:04+00:00\",\"dateModified\":\"2025-03-11T20:01:53+00:00\",\"mainEntityOfPage\":{\"@id\":\"https:\\\/\\\/www.websupport.hu\\\/blog\\\/2018\\\/07\\\/hogy-kapcsolodik-egymashoz-a-zene-a-macskak-es-a-webonic-interju-selmeczi-viktoriaval\\\/\"},\"wordCount\":1706,\"commentCount\":0,\"publisher\":{\"@id\":\"https:\\\/\\\/www.websupport.hu\\\/blog\\\/#organization\"},\"image\":{\"@id\":\"https:\\\/\\\/www.websupport.hu\\\/blog\\\/2018\\\/07\\\/hogy-kapcsolodik-egymashoz-a-zene-a-macskak-es-a-webonic-interju-selmeczi-viktoriaval\\\/#primaryimage\"},\"thumbnailUrl\":\"https:\\\/\\\/www.websupport.hu\\\/blog\\\/app\\\/uploads\\\/sites\\\/3\\\/2018\\\/07\\\/Wiki.png\",\"keywords\":[\"macska\",\"Selmeczi Vikt\u00f3ria\",\"spotify\",\"\u00fcgyf\u00e9lszolg\u00e1lat\",\"Webonic team\",\"wiki\"],\"articleSection\":[\"Sz\u00ednfalak m\u00f6g\u00f6tt\"],\"inLanguage\":\"hu\",\"potentialAction\":[{\"@type\":\"CommentAction\",\"name\":\"Comment\",\"target\":[\"https:\\\/\\\/www.websupport.hu\\\/blog\\\/2018\\\/07\\\/hogy-kapcsolodik-egymashoz-a-zene-a-macskak-es-a-webonic-interju-selmeczi-viktoriaval\\\/#respond\"]}]},{\"@type\":\"WebPage\",\"@id\":\"https:\\\/\\\/www.websupport.hu\\\/blog\\\/2018\\\/07\\\/hogy-kapcsolodik-egymashoz-a-zene-a-macskak-es-a-webonic-interju-selmeczi-viktoriaval\\\/\",\"url\":\"https:\\\/\\\/www.websupport.hu\\\/blog\\\/2018\\\/07\\\/hogy-kapcsolodik-egymashoz-a-zene-a-macskak-es-a-webonic-interju-selmeczi-viktoriaval\\\/\",\"name\":\"Hogy kapcsol\u00f3dik egym\u00e1shoz a zene, a macsk\u00e1k \u00e9s a Webonic? - Interj\u00fa Selmeczi Vikt\u00f3ri\u00e1val - Websupport.hu Blog\",\"isPartOf\":{\"@id\":\"https:\\\/\\\/www.websupport.hu\\\/blog\\\/#website\"},\"primaryImageOfPage\":{\"@id\":\"https:\\\/\\\/www.websupport.hu\\\/blog\\\/2018\\\/07\\\/hogy-kapcsolodik-egymashoz-a-zene-a-macskak-es-a-webonic-interju-selmeczi-viktoriaval\\\/#primaryimage\"},\"image\":{\"@id\":\"https:\\\/\\\/www.websupport.hu\\\/blog\\\/2018\\\/07\\\/hogy-kapcsolodik-egymashoz-a-zene-a-macskak-es-a-webonic-interju-selmeczi-viktoriaval\\\/#primaryimage\"},\"thumbnailUrl\":\"https:\\\/\\\/www.websupport.hu\\\/blog\\\/app\\\/uploads\\\/sites\\\/3\\\/2018\\\/07\\\/Wiki.png\",\"datePublished\":\"2018-07-03T07:02:04+00:00\",\"dateModified\":\"2025-03-11T20:01:53+00:00\",\"description\":\"Selmeczi Vikt\u00f3ria, vagy ahogy mi ismerj\u00fck, Wiki, a Webonic \u00fcgyf\u00e9lszolg\u00e1lati csapat\u00e1nak oszlopos tagja. Olvass\u00e1tok el a vele k\u00e9sz\u00edtett interj\u00fat!\",\"breadcrumb\":{\"@id\":\"https:\\\/\\\/www.websupport.hu\\\/blog\\\/2018\\\/07\\\/hogy-kapcsolodik-egymashoz-a-zene-a-macskak-es-a-webonic-interju-selmeczi-viktoriaval\\\/#breadcrumb\"},\"inLanguage\":\"hu\",\"potentialAction\":[{\"@type\":\"ReadAction\",\"target\":[\"https:\\\/\\\/www.websupport.hu\\\/blog\\\/2018\\\/07\\\/hogy-kapcsolodik-egymashoz-a-zene-a-macskak-es-a-webonic-interju-selmeczi-viktoriaval\\\/\"]}]},{\"@type\":\"ImageObject\",\"inLanguage\":\"hu\",\"@id\":\"https:\\\/\\\/www.websupport.hu\\\/blog\\\/2018\\\/07\\\/hogy-kapcsolodik-egymashoz-a-zene-a-macskak-es-a-webonic-interju-selmeczi-viktoriaval\\\/#primaryimage\",\"url\":\"https:\\\/\\\/www.websupport.hu\\\/blog\\\/app\\\/uploads\\\/sites\\\/3\\\/2018\\\/07\\\/Wiki.png\",\"contentUrl\":\"https:\\\/\\\/www.websupport.hu\\\/blog\\\/app\\\/uploads\\\/sites\\\/3\\\/2018\\\/07\\\/Wiki.png\",\"width\":1200,\"height\":630,\"caption\":\"webonic.hu - Hogy kapcsol\u00f3dik egym\u00e1shoz a zene, a macsk\u00e1k \u00e9s a Webonic? - Interj\u00fa Selmeczi Vikt\u00f3ri\u00e1val\"},{\"@type\":\"BreadcrumbList\",\"@id\":\"https:\\\/\\\/www.websupport.hu\\\/blog\\\/2018\\\/07\\\/hogy-kapcsolodik-egymashoz-a-zene-a-macskak-es-a-webonic-interju-selmeczi-viktoriaval\\\/#breadcrumb\",\"itemListElement\":[{\"@type\":\"ListItem\",\"position\":1,\"name\":\"Home\",\"item\":\"https:\\\/\\\/www.websupport.hu\\\/blog\\\/\"},{\"@type\":\"ListItem\",\"position\":2,\"name\":\"Hogy kapcsol\u00f3dik egym\u00e1shoz a zene, a macsk\u00e1k \u00e9s a Webonic? &#8211; Interj\u00fa Selmeczi Vikt\u00f3ri\u00e1val\"}]},{\"@type\":\"WebSite\",\"@id\":\"https:\\\/\\\/www.websupport.hu\\\/blog\\\/#website\",\"url\":\"https:\\\/\\\/www.websupport.hu\\\/blog\\\/\",\"name\":\"Websupport.hu Blog\",\"description\":\"\",\"publisher\":{\"@id\":\"https:\\\/\\\/www.websupport.hu\\\/blog\\\/#organization\"},\"potentialAction\":[{\"@type\":\"SearchAction\",\"target\":{\"@type\":\"EntryPoint\",\"urlTemplate\":\"https:\\\/\\\/www.websupport.hu\\\/blog\\\/?s={search_term_string}\"},\"query-input\":{\"@type\":\"PropertyValueSpecification\",\"valueRequired\":true,\"valueName\":\"search_term_string\"}}],\"inLanguage\":\"hu\"},{\"@type\":\"Organization\",\"@id\":\"https:\\\/\\\/www.websupport.hu\\\/blog\\\/#organization\",\"name\":\"Websupport.hu Blog\",\"url\":\"https:\\\/\\\/www.websupport.hu\\\/blog\\\/\",\"logo\":{\"@type\":\"ImageObject\",\"inLanguage\":\"hu\",\"@id\":\"https:\\\/\\\/www.websupport.hu\\\/blog\\\/#\\\/schema\\\/logo\\\/image\\\/\",\"url\":\"https:\\\/\\\/www.websupport.hu\\\/blog\\\/app\\\/uploads\\\/sites\\\/3\\\/2021\\\/07\\\/websupport-logo.svg\",\"contentUrl\":\"https:\\\/\\\/www.websupport.hu\\\/blog\\\/app\\\/uploads\\\/sites\\\/3\\\/2021\\\/07\\\/websupport-logo.svg\",\"width\":153,\"height\":48,\"caption\":\"Websupport.hu Blog\"},\"image\":{\"@id\":\"https:\\\/\\\/www.websupport.hu\\\/blog\\\/#\\\/schema\\\/logo\\\/image\\\/\"}},{\"@type\":\"Person\",\"@id\":\"https:\\\/\\\/www.websupport.hu\\\/blog\\\/#\\\/schema\\\/person\\\/a2e365d7243ab0878f371262d2eec1d3\",\"name\":\"\u00dcr\u00f6gi R\u00e9ka\",\"image\":{\"@type\":\"ImageObject\",\"inLanguage\":\"hu\",\"@id\":\"https:\\\/\\\/secure.gravatar.com\\\/avatar\\\/a2c05c3c3505be948939588c5c754e007e6a75205c15c8475a8a891b5cfef745?s=96&d=mm&r=g\",\"url\":\"https:\\\/\\\/secure.gravatar.com\\\/avatar\\\/a2c05c3c3505be948939588c5c754e007e6a75205c15c8475a8a891b5cfef745?s=96&d=mm&r=g\",\"contentUrl\":\"https:\\\/\\\/secure.gravatar.com\\\/avatar\\\/a2c05c3c3505be948939588c5c754e007e6a75205c15c8475a8a891b5cfef745?s=96&d=mm&r=g\",\"caption\":\"\u00dcr\u00f6gi R\u00e9ka\"},\"url\":\"https:\\\/\\\/www.websupport.hu\\\/blog\\\/author\\\/reka\\\/\"}]}<\/script>\n<!-- \/ Yoast SEO plugin. -->","yoast_head_json":{"title":"Hogy kapcsol\u00f3dik egym\u00e1shoz a zene, a macsk\u00e1k \u00e9s a Webonic? - Interj\u00fa Selmeczi Vikt\u00f3ri\u00e1val - Websupport.hu Blog","description":"Selmeczi Vikt\u00f3ria, vagy ahogy mi ismerj\u00fck, Wiki, a Webonic \u00fcgyf\u00e9lszolg\u00e1lati csapat\u00e1nak oszlopos tagja. Olvass\u00e1tok el a vele k\u00e9sz\u00edtett interj\u00fat!","robots":{"index":"index","follow":"follow","max-snippet":"max-snippet:-1","max-image-preview":"max-image-preview:large","max-video-preview":"max-video-preview:-1"},"canonical":"https:\/\/www.websupport.hu\/blog\/2018\/07\/hogy-kapcsolodik-egymashoz-a-zene-a-macskak-es-a-webonic-interju-selmeczi-viktoriaval\/","og_locale":"hu_HU","og_type":"article","og_title":"Hogy kapcsol\u00f3dik egym\u00e1shoz a zene, a macsk\u00e1k \u00e9s a Webonic? - Interj\u00fa Selmeczi Vikt\u00f3ri\u00e1val - Websupport.hu Blog","og_description":"Selmeczi Vikt\u00f3ria, vagy ahogy mi ismerj\u00fck, Wiki, a Webonic \u00fcgyf\u00e9lszolg\u00e1lati csapat\u00e1nak oszlopos tagja. Olvass\u00e1tok el a vele k\u00e9sz\u00edtett interj\u00fat!","og_url":"https:\/\/www.websupport.hu\/blog\/2018\/07\/hogy-kapcsolodik-egymashoz-a-zene-a-macskak-es-a-webonic-interju-selmeczi-viktoriaval\/","og_site_name":"Websupport.hu Blog","article_published_time":"2018-07-03T07:02:04+00:00","article_modified_time":"2025-03-11T20:01:53+00:00","og_image":[{"width":1200,"height":630,"url":"https:\/\/www.websupport.hu\/blog\/app\/uploads\/sites\/3\/2018\/07\/Wiki.png","type":"image\/png"}],"author":"\u00dcr\u00f6gi R\u00e9ka","twitter_card":"summary_large_image","twitter_misc":{"Written by":"\u00dcr\u00f6gi R\u00e9ka","Est. reading time":"8 perc"},"schema":{"@context":"https:\/\/schema.org","@graph":[{"@type":"Article","@id":"https:\/\/www.websupport.hu\/blog\/2018\/07\/hogy-kapcsolodik-egymashoz-a-zene-a-macskak-es-a-webonic-interju-selmeczi-viktoriaval\/#article","isPartOf":{"@id":"https:\/\/www.websupport.hu\/blog\/2018\/07\/hogy-kapcsolodik-egymashoz-a-zene-a-macskak-es-a-webonic-interju-selmeczi-viktoriaval\/"},"author":{"name":"\u00dcr\u00f6gi R\u00e9ka","@id":"https:\/\/www.websupport.hu\/blog\/#\/schema\/person\/a2e365d7243ab0878f371262d2eec1d3"},"headline":"Hogy kapcsol\u00f3dik egym\u00e1shoz a zene, a macsk\u00e1k \u00e9s a Webonic? &#8211; Interj\u00fa Selmeczi Vikt\u00f3ri\u00e1val","datePublished":"2018-07-03T07:02:04+00:00","dateModified":"2025-03-11T20:01:53+00:00","mainEntityOfPage":{"@id":"https:\/\/www.websupport.hu\/blog\/2018\/07\/hogy-kapcsolodik-egymashoz-a-zene-a-macskak-es-a-webonic-interju-selmeczi-viktoriaval\/"},"wordCount":1706,"commentCount":0,"publisher":{"@id":"https:\/\/www.websupport.hu\/blog\/#organization"},"image":{"@id":"https:\/\/www.websupport.hu\/blog\/2018\/07\/hogy-kapcsolodik-egymashoz-a-zene-a-macskak-es-a-webonic-interju-selmeczi-viktoriaval\/#primaryimage"},"thumbnailUrl":"https:\/\/www.websupport.hu\/blog\/app\/uploads\/sites\/3\/2018\/07\/Wiki.png","keywords":["macska","Selmeczi Vikt\u00f3ria","spotify","\u00fcgyf\u00e9lszolg\u00e1lat","Webonic team","wiki"],"articleSection":["Sz\u00ednfalak m\u00f6g\u00f6tt"],"inLanguage":"hu","potentialAction":[{"@type":"CommentAction","name":"Comment","target":["https:\/\/www.websupport.hu\/blog\/2018\/07\/hogy-kapcsolodik-egymashoz-a-zene-a-macskak-es-a-webonic-interju-selmeczi-viktoriaval\/#respond"]}]},{"@type":"WebPage","@id":"https:\/\/www.websupport.hu\/blog\/2018\/07\/hogy-kapcsolodik-egymashoz-a-zene-a-macskak-es-a-webonic-interju-selmeczi-viktoriaval\/","url":"https:\/\/www.websupport.hu\/blog\/2018\/07\/hogy-kapcsolodik-egymashoz-a-zene-a-macskak-es-a-webonic-interju-selmeczi-viktoriaval\/","name":"Hogy kapcsol\u00f3dik egym\u00e1shoz a zene, a macsk\u00e1k \u00e9s a Webonic? - Interj\u00fa Selmeczi Vikt\u00f3ri\u00e1val - Websupport.hu Blog","isPartOf":{"@id":"https:\/\/www.websupport.hu\/blog\/#website"},"primaryImageOfPage":{"@id":"https:\/\/www.websupport.hu\/blog\/2018\/07\/hogy-kapcsolodik-egymashoz-a-zene-a-macskak-es-a-webonic-interju-selmeczi-viktoriaval\/#primaryimage"},"image":{"@id":"https:\/\/www.websupport.hu\/blog\/2018\/07\/hogy-kapcsolodik-egymashoz-a-zene-a-macskak-es-a-webonic-interju-selmeczi-viktoriaval\/#primaryimage"},"thumbnailUrl":"https:\/\/www.websupport.hu\/blog\/app\/uploads\/sites\/3\/2018\/07\/Wiki.png","datePublished":"2018-07-03T07:02:04+00:00","dateModified":"2025-03-11T20:01:53+00:00","description":"Selmeczi Vikt\u00f3ria, vagy ahogy mi ismerj\u00fck, Wiki, a Webonic \u00fcgyf\u00e9lszolg\u00e1lati csapat\u00e1nak oszlopos tagja. Olvass\u00e1tok el a vele k\u00e9sz\u00edtett interj\u00fat!","breadcrumb":{"@id":"https:\/\/www.websupport.hu\/blog\/2018\/07\/hogy-kapcsolodik-egymashoz-a-zene-a-macskak-es-a-webonic-interju-selmeczi-viktoriaval\/#breadcrumb"},"inLanguage":"hu","potentialAction":[{"@type":"ReadAction","target":["https:\/\/www.websupport.hu\/blog\/2018\/07\/hogy-kapcsolodik-egymashoz-a-zene-a-macskak-es-a-webonic-interju-selmeczi-viktoriaval\/"]}]},{"@type":"ImageObject","inLanguage":"hu","@id":"https:\/\/www.websupport.hu\/blog\/2018\/07\/hogy-kapcsolodik-egymashoz-a-zene-a-macskak-es-a-webonic-interju-selmeczi-viktoriaval\/#primaryimage","url":"https:\/\/www.websupport.hu\/blog\/app\/uploads\/sites\/3\/2018\/07\/Wiki.png","contentUrl":"https:\/\/www.websupport.hu\/blog\/app\/uploads\/sites\/3\/2018\/07\/Wiki.png","width":1200,"height":630,"caption":"webonic.hu - Hogy kapcsol\u00f3dik egym\u00e1shoz a zene, a macsk\u00e1k \u00e9s a Webonic? - Interj\u00fa Selmeczi Vikt\u00f3ri\u00e1val"},{"@type":"BreadcrumbList","@id":"https:\/\/www.websupport.hu\/blog\/2018\/07\/hogy-kapcsolodik-egymashoz-a-zene-a-macskak-es-a-webonic-interju-selmeczi-viktoriaval\/#breadcrumb","itemListElement":[{"@type":"ListItem","position":1,"name":"Home","item":"https:\/\/www.websupport.hu\/blog\/"},{"@type":"ListItem","position":2,"name":"Hogy kapcsol\u00f3dik egym\u00e1shoz a zene, a macsk\u00e1k \u00e9s a Webonic? &#8211; Interj\u00fa Selmeczi Vikt\u00f3ri\u00e1val"}]},{"@type":"WebSite","@id":"https:\/\/www.websupport.hu\/blog\/#website","url":"https:\/\/www.websupport.hu\/blog\/","name":"Websupport.hu Blog","description":"","publisher":{"@id":"https:\/\/www.websupport.hu\/blog\/#organization"},"potentialAction":[{"@type":"SearchAction","target":{"@type":"EntryPoint","urlTemplate":"https:\/\/www.websupport.hu\/blog\/?s={search_term_string}"},"query-input":{"@type":"PropertyValueSpecification","valueRequired":true,"valueName":"search_term_string"}}],"inLanguage":"hu"},{"@type":"Organization","@id":"https:\/\/www.websupport.hu\/blog\/#organization","name":"Websupport.hu Blog","url":"https:\/\/www.websupport.hu\/blog\/","logo":{"@type":"ImageObject","inLanguage":"hu","@id":"https:\/\/www.websupport.hu\/blog\/#\/schema\/logo\/image\/","url":"https:\/\/www.websupport.hu\/blog\/app\/uploads\/sites\/3\/2021\/07\/websupport-logo.svg","contentUrl":"https:\/\/www.websupport.hu\/blog\/app\/uploads\/sites\/3\/2021\/07\/websupport-logo.svg","width":153,"height":48,"caption":"Websupport.hu Blog"},"image":{"@id":"https:\/\/www.websupport.hu\/blog\/#\/schema\/logo\/image\/"}},{"@type":"Person","@id":"https:\/\/www.websupport.hu\/blog\/#\/schema\/person\/a2e365d7243ab0878f371262d2eec1d3","name":"\u00dcr\u00f6gi R\u00e9ka","image":{"@type":"ImageObject","inLanguage":"hu","@id":"https:\/\/secure.gravatar.com\/avatar\/a2c05c3c3505be948939588c5c754e007e6a75205c15c8475a8a891b5cfef745?s=96&d=mm&r=g","url":"https:\/\/secure.gravatar.com\/avatar\/a2c05c3c3505be948939588c5c754e007e6a75205c15c8475a8a891b5cfef745?s=96&d=mm&r=g","contentUrl":"https:\/\/secure.gravatar.com\/avatar\/a2c05c3c3505be948939588c5c754e007e6a75205c15c8475a8a891b5cfef745?s=96&d=mm&r=g","caption":"\u00dcr\u00f6gi R\u00e9ka"},"url":"https:\/\/www.websupport.hu\/blog\/author\/reka\/"}]}},"_links":{"self":[{"href":"https:\/\/www.websupport.hu\/blog\/wp-json\/wp\/v2\/posts\/4778","targetHints":{"allow":["GET"]}}],"collection":[{"href":"https:\/\/www.websupport.hu\/blog\/wp-json\/wp\/v2\/posts"}],"about":[{"href":"https:\/\/www.websupport.hu\/blog\/wp-json\/wp\/v2\/types\/post"}],"author":[{"embeddable":true,"href":"https:\/\/www.websupport.hu\/blog\/wp-json\/wp\/v2\/users\/72"}],"replies":[{"embeddable":true,"href":"https:\/\/www.websupport.hu\/blog\/wp-json\/wp\/v2\/comments?post=4778"}],"version-history":[{"count":1,"href":"https:\/\/www.websupport.hu\/blog\/wp-json\/wp\/v2\/posts\/4778\/revisions"}],"predecessor-version":[{"id":8715,"href":"https:\/\/www.websupport.hu\/blog\/wp-json\/wp\/v2\/posts\/4778\/revisions\/8715"}],"wp:featuredmedia":[{"embeddable":true,"href":"https:\/\/www.websupport.hu\/blog\/wp-json\/wp\/v2\/media\/4785"}],"wp:attachment":[{"href":"https:\/\/www.websupport.hu\/blog\/wp-json\/wp\/v2\/media?parent=4778"}],"wp:term":[{"taxonomy":"category","embeddable":true,"href":"https:\/\/www.websupport.hu\/blog\/wp-json\/wp\/v2\/categories?post=4778"},{"taxonomy":"post_tag","embeddable":true,"href":"https:\/\/www.websupport.hu\/blog\/wp-json\/wp\/v2\/tags?post=4778"}],"curies":[{"name":"wp","href":"https:\/\/api.w.org\/{rel}","templated":true}]}}