{"id":4858,"date":"2018-08-15T13:23:11","date_gmt":"2018-08-15T11:23:11","guid":{"rendered":"https:\/\/www.websupport.hu\/blog\/?p=4858"},"modified":"2025-03-11T21:01:55","modified_gmt":"2025-03-11T20:01:55","slug":"hallgatunk-ratok-webadmin-modositasok","status":"publish","type":"post","link":"https:\/\/www.websupport.hu\/blog\/2018\/08\/hallgatunk-ratok-webadmin-modositasok\/","title":{"rendered":"Hallgatunk R\u00e1tok: WebAdmin m\u00f3dos\u00edt\u00e1sok"},"content":{"rendered":"<p>Id\u00e9n tavasszal elkezdt\u00fck a WebAdmin fel\u00fclet\u00e9nek meg\u00faj\u00edt\u00e1s\u00e1t. Els\u0151 l\u00e9p\u00e9sk\u00e9nt a <a href=\"https:\/\/www.websupport.hu\/blog\/bemutatkozik-az-uj-admin-felulet\/\">szolg\u00e1ltat\u00e1sok<\/a> fel\u00fclet\u00e9t vezett\u00fck be, m\u00edg a t\u00f6bbi fel\u00fcleten folyamatosan dolgozunk. K\u00e9rt\u00fcnk Titeket, hogy ha b\u00e1rmi \u00e9szrev\u00e9teletek vagy javaslatotok van az \u00faj fel\u00fcletekkel kapcsolatban jelezz\u00e9tek b\u00e1tran. Ti jelezt\u00e9tek, mi meghallgattuk.<span class=\"Apple-converted-space\">\u00a0<\/span><\/p>\n<p><!--more--><\/p>\n<p>A <a href=\"http:\/\/admin.webonic.hu\">WebAdmin<\/a> szolg\u00e1ltat\u00e1sok fel\u00fclet\u00e9n nemr\u00e9g megjelent egy sz\u00fcrke oldalhas\u00e1b, mely a gyors el\u00e9r\u00e9seket tartalmazza a k\u00fcl\u00f6nb\u00f6z\u0151 funkci\u00f3khoz. Kor\u00e1bban m\u00e1r l\u00e9tezett egy hasonl\u00f3 navig\u00e1ci\u00f3s ablak az el\u0151z\u0151 fel\u00fcleten de mi \u00fagy gondoltuk, hogy a benne l\u00e9v\u0151 funkci\u00f3k a bels\u0151 fel\u00fcleteken elosztva ergon\u00f3mikusabb munkamenetet fognak eredm\u00e9nyezni.<span class=\"Apple-converted-space\">\u00a0<\/span><\/p>\n<p>A Ti visszajelz\u00e9seitek alapj\u00e1n azonban bel\u00e1ttuk, hogy sokkal fontosabb az oldalhas\u00e1b a fel\u00fclet kezelhet\u0151s\u00e9ge szempontj\u00e1b\u00f3l, mint azt kor\u00e1bban gondoltuk. Nektek k\u00f6sz\u00f6nhet\u0151en visszavezett\u00fck a funkci\u00f3t, egy kis r\u00e1ncfelvarr\u00e1ssal. T\u00f6bb h\u00e9t fejleszt\u00e9s, tesztel\u00e9s, \u00e9s pr\u00f3ba\u00fczem ut\u00e1n nemr\u00e9g \u00fajra felt\u0171nt a navig\u00e1ci\u00f3s has\u00e1b a meg\u00faj\u00edtott oldalakon.<span class=\"Apple-converted-space\">\u00a0<\/span><\/p>\n<p><img loading=\"lazy\" decoding=\"async\" class=\"aligncenter wp-image-4863\" src=\"https:\/\/www.websupport.hu\/blogoads\/sites\/3\/2018\/07\/webadmin.png\" alt=\"webadmin-sidebar-2018\" width=\"664\" height=\"380\" srcset=\"https:\/\/www.websupport.hu\/blog\/app\/uploads\/sites\/3\/2018\/07\/webadmin.png 963w, https:\/\/www.websupport.hu\/blog\/app\/uploads\/sites\/3\/2018\/07\/webadmin-300x172.png 300w, https:\/\/www.websupport.hu\/blog\/app\/uploads\/sites\/3\/2018\/07\/webadmin-768x439.png 768w\" sizes=\"auto, (max-width: 664px) 100vw, 664px\" \/><\/p>\n<p>Rem\u00e9lj\u00fck ezzel ism\u00e9t gyorsabban el\u00e9rhet\u0151v\u00e9 v\u00e1lnak a keresett funkci\u00f3k \u00e9s k\u00f6nnyebben, gyorsabban tudj\u00e1tok majd haszn\u00e1lni adminisztr\u00e1ci\u00f3s fel\u00fclet\u00fcnket. Ahogy eddig is, k\u00e9r\u00fcnk Titeket, jelezz\u00e9tek ha hib\u00e1t tal\u00e1ltok, vagy jav\u00edt\u00e1si\/fejleszt\u00e9si \u00f6tleteitek vannak rendszer\u00fcnkkel kapcsolatban.<\/p>\n","protected":false},"excerpt":{"rendered":"<p>Id\u00e9n tavasszal elkezdt\u00fck a WebAdmin fel\u00fclet\u00e9nek meg\u00faj\u00edt\u00e1s\u00e1t. Els\u0151 l\u00e9p\u00e9sk\u00e9nt a szolg\u00e1ltat\u00e1sok fel\u00fclet\u00e9t vezett\u00fck be, m\u00edg a t\u00f6bbi fel\u00fcleten folyamatosan dolgozunk. K\u00e9rt\u00fcnk Titeket, hogy ha b\u00e1rmi \u00e9szrev\u00e9teletek vagy javaslatotok van az \u00faj fel\u00fcletekkel kapcsolatban jelezz\u00e9tek b\u00e1tran. Ti jelezt\u00e9tek, mi meghallgattuk.\u00a0<\/p>\n","protected":false},"author":78,"featured_media":4868,"comment_status":"open","ping_status":"open","sticky":false,"template":"","format":"standard","meta":{"footnotes":""},"categories":[12],"tags":[88,242,922],"class_list":["post-4858","post","type-post","status-publish","format-standard","has-post-thumbnail","hentry","category-hirek","tag-fejlesztes","tag-velemeny","tag-webadmin"],"yoast_head":"<!-- This site is optimized with the Yoast SEO plugin v27.4 - https:\/\/yoast.com\/product\/yoast-seo-wordpress\/ -->\n<title>Hallgatunk R\u00e1tok: WebAdmin m\u00f3dos\u00edt\u00e1sok - Websupport.hu Blog<\/title>\n<meta name=\"description\" content=\"Id\u00e9n tavasszal kezdt\u00fck el a WebAdmin fel\u00fclet\u00e9nek meg\u00faj\u00edt\u00e1s\u00e1t a Webonic honlapj\u00e1n.\" \/>\n<meta name=\"robots\" content=\"index, follow, max-snippet:-1, max-image-preview:large, max-video-preview:-1\" \/>\n<link rel=\"canonical\" href=\"https:\/\/www.websupport.hu\/blog\/2018\/08\/hallgatunk-ratok-webadmin-modositasok\/\" \/>\n<meta property=\"og:locale\" content=\"hu_HU\" \/>\n<meta property=\"og:type\" content=\"article\" \/>\n<meta property=\"og:title\" content=\"Hallgatunk R\u00e1tok: WebAdmin m\u00f3dos\u00edt\u00e1sok - Websupport.hu Blog\" \/>\n<meta property=\"og:description\" content=\"Id\u00e9n tavasszal kezdt\u00fck el a WebAdmin fel\u00fclet\u00e9nek meg\u00faj\u00edt\u00e1s\u00e1t a Webonic honlapj\u00e1n.\" \/>\n<meta property=\"og:url\" content=\"https:\/\/www.websupport.hu\/blog\/2018\/08\/hallgatunk-ratok-webadmin-modositasok\/\" \/>\n<meta property=\"og:site_name\" content=\"Websupport.hu Blog\" \/>\n<meta property=\"article:published_time\" content=\"2018-08-15T11:23:11+00:00\" \/>\n<meta property=\"article:modified_time\" content=\"2025-03-11T20:01:55+00:00\" \/>\n<meta property=\"og:image\" content=\"https:\/\/www.websupport.hu\/blog\/app\/uploads\/sites\/3\/2018\/07\/firemne-hodnoty-websupport-1920x1080.jpg\" \/>\n\t<meta property=\"og:image:width\" content=\"1920\" \/>\n\t<meta property=\"og:image:height\" content=\"1080\" \/>\n\t<meta property=\"og:image:type\" content=\"image\/jpeg\" \/>\n<meta name=\"author\" content=\"Stan\u010di Markovi\u010dov\u00e1\" \/>\n<meta name=\"twitter:card\" content=\"summary_large_image\" \/>\n<meta name=\"twitter:label1\" content=\"Written by\" \/>\n\t<meta name=\"twitter:data1\" content=\"Stan\u010di Markovi\u010dov\u00e1\" \/>\n\t<meta name=\"twitter:label2\" content=\"Est. reading time\" \/>\n\t<meta name=\"twitter:data2\" content=\"1 perc\" \/>\n<script type=\"application\/ld+json\" class=\"yoast-schema-graph\">{\"@context\":\"https:\\\/\\\/schema.org\",\"@graph\":[{\"@type\":\"Article\",\"@id\":\"https:\\\/\\\/www.websupport.hu\\\/blog\\\/2018\\\/08\\\/hallgatunk-ratok-webadmin-modositasok\\\/#article\",\"isPartOf\":{\"@id\":\"https:\\\/\\\/www.websupport.hu\\\/blog\\\/2018\\\/08\\\/hallgatunk-ratok-webadmin-modositasok\\\/\"},\"author\":{\"name\":\"Stan\u010di Markovi\u010dov\u00e1\",\"@id\":\"https:\\\/\\\/www.websupport.hu\\\/blog\\\/#\\\/schema\\\/person\\\/825ad87e989519aeaa15f282c1f2fa6d\"},\"headline\":\"Hallgatunk R\u00e1tok: WebAdmin m\u00f3dos\u00edt\u00e1sok\",\"datePublished\":\"2018-08-15T11:23:11+00:00\",\"dateModified\":\"2025-03-11T20:01:55+00:00\",\"mainEntityOfPage\":{\"@id\":\"https:\\\/\\\/www.websupport.hu\\\/blog\\\/2018\\\/08\\\/hallgatunk-ratok-webadmin-modositasok\\\/\"},\"wordCount\":273,\"commentCount\":0,\"publisher\":{\"@id\":\"https:\\\/\\\/www.websupport.hu\\\/blog\\\/#organization\"},\"image\":{\"@id\":\"https:\\\/\\\/www.websupport.hu\\\/blog\\\/2018\\\/08\\\/hallgatunk-ratok-webadmin-modositasok\\\/#primaryimage\"},\"thumbnailUrl\":\"https:\\\/\\\/www.websupport.hu\\\/blog\\\/app\\\/uploads\\\/sites\\\/3\\\/2018\\\/07\\\/firemne-hodnoty-websupport-1920x1080.jpg\",\"keywords\":[\"fejleszt\u00e9s\",\"v\u00e9lem\u00e9ny\",\"webadmin\"],\"articleSection\":[\"H\u00edrek\"],\"inLanguage\":\"hu\",\"potentialAction\":[{\"@type\":\"CommentAction\",\"name\":\"Comment\",\"target\":[\"https:\\\/\\\/www.websupport.hu\\\/blog\\\/2018\\\/08\\\/hallgatunk-ratok-webadmin-modositasok\\\/#respond\"]}]},{\"@type\":\"WebPage\",\"@id\":\"https:\\\/\\\/www.websupport.hu\\\/blog\\\/2018\\\/08\\\/hallgatunk-ratok-webadmin-modositasok\\\/\",\"url\":\"https:\\\/\\\/www.websupport.hu\\\/blog\\\/2018\\\/08\\\/hallgatunk-ratok-webadmin-modositasok\\\/\",\"name\":\"Hallgatunk R\u00e1tok: WebAdmin m\u00f3dos\u00edt\u00e1sok - Websupport.hu Blog\",\"isPartOf\":{\"@id\":\"https:\\\/\\\/www.websupport.hu\\\/blog\\\/#website\"},\"primaryImageOfPage\":{\"@id\":\"https:\\\/\\\/www.websupport.hu\\\/blog\\\/2018\\\/08\\\/hallgatunk-ratok-webadmin-modositasok\\\/#primaryimage\"},\"image\":{\"@id\":\"https:\\\/\\\/www.websupport.hu\\\/blog\\\/2018\\\/08\\\/hallgatunk-ratok-webadmin-modositasok\\\/#primaryimage\"},\"thumbnailUrl\":\"https:\\\/\\\/www.websupport.hu\\\/blog\\\/app\\\/uploads\\\/sites\\\/3\\\/2018\\\/07\\\/firemne-hodnoty-websupport-1920x1080.jpg\",\"datePublished\":\"2018-08-15T11:23:11+00:00\",\"dateModified\":\"2025-03-11T20:01:55+00:00\",\"description\":\"Id\u00e9n tavasszal kezdt\u00fck el a WebAdmin fel\u00fclet\u00e9nek meg\u00faj\u00edt\u00e1s\u00e1t a Webonic honlapj\u00e1n.\",\"breadcrumb\":{\"@id\":\"https:\\\/\\\/www.websupport.hu\\\/blog\\\/2018\\\/08\\\/hallgatunk-ratok-webadmin-modositasok\\\/#breadcrumb\"},\"inLanguage\":\"hu\",\"potentialAction\":[{\"@type\":\"ReadAction\",\"target\":[\"https:\\\/\\\/www.websupport.hu\\\/blog\\\/2018\\\/08\\\/hallgatunk-ratok-webadmin-modositasok\\\/\"]}]},{\"@type\":\"ImageObject\",\"inLanguage\":\"hu\",\"@id\":\"https:\\\/\\\/www.websupport.hu\\\/blog\\\/2018\\\/08\\\/hallgatunk-ratok-webadmin-modositasok\\\/#primaryimage\",\"url\":\"https:\\\/\\\/www.websupport.hu\\\/blog\\\/app\\\/uploads\\\/sites\\\/3\\\/2018\\\/07\\\/firemne-hodnoty-websupport-1920x1080.jpg\",\"contentUrl\":\"https:\\\/\\\/www.websupport.hu\\\/blog\\\/app\\\/uploads\\\/sites\\\/3\\\/2018\\\/07\\\/firemne-hodnoty-websupport-1920x1080.jpg\",\"width\":1920,\"height\":1080,\"caption\":\"webadmin-neo-image\"},{\"@type\":\"BreadcrumbList\",\"@id\":\"https:\\\/\\\/www.websupport.hu\\\/blog\\\/2018\\\/08\\\/hallgatunk-ratok-webadmin-modositasok\\\/#breadcrumb\",\"itemListElement\":[{\"@type\":\"ListItem\",\"position\":1,\"name\":\"Home\",\"item\":\"https:\\\/\\\/www.websupport.hu\\\/blog\\\/\"},{\"@type\":\"ListItem\",\"position\":2,\"name\":\"Hallgatunk R\u00e1tok: WebAdmin m\u00f3dos\u00edt\u00e1sok\"}]},{\"@type\":\"WebSite\",\"@id\":\"https:\\\/\\\/www.websupport.hu\\\/blog\\\/#website\",\"url\":\"https:\\\/\\\/www.websupport.hu\\\/blog\\\/\",\"name\":\"Websupport.hu Blog\",\"description\":\"\",\"publisher\":{\"@id\":\"https:\\\/\\\/www.websupport.hu\\\/blog\\\/#organization\"},\"potentialAction\":[{\"@type\":\"SearchAction\",\"target\":{\"@type\":\"EntryPoint\",\"urlTemplate\":\"https:\\\/\\\/www.websupport.hu\\\/blog\\\/?s={search_term_string}\"},\"query-input\":{\"@type\":\"PropertyValueSpecification\",\"valueRequired\":true,\"valueName\":\"search_term_string\"}}],\"inLanguage\":\"hu\"},{\"@type\":\"Organization\",\"@id\":\"https:\\\/\\\/www.websupport.hu\\\/blog\\\/#organization\",\"name\":\"Websupport.hu Blog\",\"url\":\"https:\\\/\\\/www.websupport.hu\\\/blog\\\/\",\"logo\":{\"@type\":\"ImageObject\",\"inLanguage\":\"hu\",\"@id\":\"https:\\\/\\\/www.websupport.hu\\\/blog\\\/#\\\/schema\\\/logo\\\/image\\\/\",\"url\":\"https:\\\/\\\/www.websupport.hu\\\/blog\\\/app\\\/uploads\\\/sites\\\/3\\\/2021\\\/07\\\/websupport-logo.svg\",\"contentUrl\":\"https:\\\/\\\/www.websupport.hu\\\/blog\\\/app\\\/uploads\\\/sites\\\/3\\\/2021\\\/07\\\/websupport-logo.svg\",\"width\":153,\"height\":48,\"caption\":\"Websupport.hu Blog\"},\"image\":{\"@id\":\"https:\\\/\\\/www.websupport.hu\\\/blog\\\/#\\\/schema\\\/logo\\\/image\\\/\"}},{\"@type\":\"Person\",\"@id\":\"https:\\\/\\\/www.websupport.hu\\\/blog\\\/#\\\/schema\\\/person\\\/825ad87e989519aeaa15f282c1f2fa6d\",\"name\":\"Stan\u010di Markovi\u010dov\u00e1\",\"image\":{\"@type\":\"ImageObject\",\"inLanguage\":\"hu\",\"@id\":\"https:\\\/\\\/secure.gravatar.com\\\/avatar\\\/0ec5bf26e0ba8a93e04aa26f1347d508fdef6bd6d4a79966086d98dff663f3db?s=96&d=mm&r=g\",\"url\":\"https:\\\/\\\/secure.gravatar.com\\\/avatar\\\/0ec5bf26e0ba8a93e04aa26f1347d508fdef6bd6d4a79966086d98dff663f3db?s=96&d=mm&r=g\",\"contentUrl\":\"https:\\\/\\\/secure.gravatar.com\\\/avatar\\\/0ec5bf26e0ba8a93e04aa26f1347d508fdef6bd6d4a79966086d98dff663f3db?s=96&d=mm&r=g\",\"caption\":\"Stan\u010di Markovi\u010dov\u00e1\"},\"url\":\"https:\\\/\\\/www.websupport.hu\\\/blog\\\/author\\\/stanislava-markovicova\\\/\"}]}<\/script>\n<!-- \/ Yoast SEO plugin. -->","yoast_head_json":{"title":"Hallgatunk R\u00e1tok: WebAdmin m\u00f3dos\u00edt\u00e1sok - Websupport.hu Blog","description":"Id\u00e9n tavasszal kezdt\u00fck el a WebAdmin fel\u00fclet\u00e9nek meg\u00faj\u00edt\u00e1s\u00e1t a Webonic honlapj\u00e1n.","robots":{"index":"index","follow":"follow","max-snippet":"max-snippet:-1","max-image-preview":"max-image-preview:large","max-video-preview":"max-video-preview:-1"},"canonical":"https:\/\/www.websupport.hu\/blog\/2018\/08\/hallgatunk-ratok-webadmin-modositasok\/","og_locale":"hu_HU","og_type":"article","og_title":"Hallgatunk R\u00e1tok: WebAdmin m\u00f3dos\u00edt\u00e1sok - Websupport.hu Blog","og_description":"Id\u00e9n tavasszal kezdt\u00fck el a WebAdmin fel\u00fclet\u00e9nek meg\u00faj\u00edt\u00e1s\u00e1t a Webonic honlapj\u00e1n.","og_url":"https:\/\/www.websupport.hu\/blog\/2018\/08\/hallgatunk-ratok-webadmin-modositasok\/","og_site_name":"Websupport.hu Blog","article_published_time":"2018-08-15T11:23:11+00:00","article_modified_time":"2025-03-11T20:01:55+00:00","og_image":[{"width":1920,"height":1080,"url":"https:\/\/www.websupport.hu\/blog\/app\/uploads\/sites\/3\/2018\/07\/firemne-hodnoty-websupport-1920x1080.jpg","type":"image\/jpeg"}],"author":"Stan\u010di Markovi\u010dov\u00e1","twitter_card":"summary_large_image","twitter_misc":{"Written by":"Stan\u010di Markovi\u010dov\u00e1","Est. reading time":"1 perc"},"schema":{"@context":"https:\/\/schema.org","@graph":[{"@type":"Article","@id":"https:\/\/www.websupport.hu\/blog\/2018\/08\/hallgatunk-ratok-webadmin-modositasok\/#article","isPartOf":{"@id":"https:\/\/www.websupport.hu\/blog\/2018\/08\/hallgatunk-ratok-webadmin-modositasok\/"},"author":{"name":"Stan\u010di Markovi\u010dov\u00e1","@id":"https:\/\/www.websupport.hu\/blog\/#\/schema\/person\/825ad87e989519aeaa15f282c1f2fa6d"},"headline":"Hallgatunk R\u00e1tok: WebAdmin m\u00f3dos\u00edt\u00e1sok","datePublished":"2018-08-15T11:23:11+00:00","dateModified":"2025-03-11T20:01:55+00:00","mainEntityOfPage":{"@id":"https:\/\/www.websupport.hu\/blog\/2018\/08\/hallgatunk-ratok-webadmin-modositasok\/"},"wordCount":273,"commentCount":0,"publisher":{"@id":"https:\/\/www.websupport.hu\/blog\/#organization"},"image":{"@id":"https:\/\/www.websupport.hu\/blog\/2018\/08\/hallgatunk-ratok-webadmin-modositasok\/#primaryimage"},"thumbnailUrl":"https:\/\/www.websupport.hu\/blog\/app\/uploads\/sites\/3\/2018\/07\/firemne-hodnoty-websupport-1920x1080.jpg","keywords":["fejleszt\u00e9s","v\u00e9lem\u00e9ny","webadmin"],"articleSection":["H\u00edrek"],"inLanguage":"hu","potentialAction":[{"@type":"CommentAction","name":"Comment","target":["https:\/\/www.websupport.hu\/blog\/2018\/08\/hallgatunk-ratok-webadmin-modositasok\/#respond"]}]},{"@type":"WebPage","@id":"https:\/\/www.websupport.hu\/blog\/2018\/08\/hallgatunk-ratok-webadmin-modositasok\/","url":"https:\/\/www.websupport.hu\/blog\/2018\/08\/hallgatunk-ratok-webadmin-modositasok\/","name":"Hallgatunk R\u00e1tok: WebAdmin m\u00f3dos\u00edt\u00e1sok - Websupport.hu Blog","isPartOf":{"@id":"https:\/\/www.websupport.hu\/blog\/#website"},"primaryImageOfPage":{"@id":"https:\/\/www.websupport.hu\/blog\/2018\/08\/hallgatunk-ratok-webadmin-modositasok\/#primaryimage"},"image":{"@id":"https:\/\/www.websupport.hu\/blog\/2018\/08\/hallgatunk-ratok-webadmin-modositasok\/#primaryimage"},"thumbnailUrl":"https:\/\/www.websupport.hu\/blog\/app\/uploads\/sites\/3\/2018\/07\/firemne-hodnoty-websupport-1920x1080.jpg","datePublished":"2018-08-15T11:23:11+00:00","dateModified":"2025-03-11T20:01:55+00:00","description":"Id\u00e9n tavasszal kezdt\u00fck el a WebAdmin fel\u00fclet\u00e9nek meg\u00faj\u00edt\u00e1s\u00e1t a Webonic honlapj\u00e1n.","breadcrumb":{"@id":"https:\/\/www.websupport.hu\/blog\/2018\/08\/hallgatunk-ratok-webadmin-modositasok\/#breadcrumb"},"inLanguage":"hu","potentialAction":[{"@type":"ReadAction","target":["https:\/\/www.websupport.hu\/blog\/2018\/08\/hallgatunk-ratok-webadmin-modositasok\/"]}]},{"@type":"ImageObject","inLanguage":"hu","@id":"https:\/\/www.websupport.hu\/blog\/2018\/08\/hallgatunk-ratok-webadmin-modositasok\/#primaryimage","url":"https:\/\/www.websupport.hu\/blog\/app\/uploads\/sites\/3\/2018\/07\/firemne-hodnoty-websupport-1920x1080.jpg","contentUrl":"https:\/\/www.websupport.hu\/blog\/app\/uploads\/sites\/3\/2018\/07\/firemne-hodnoty-websupport-1920x1080.jpg","width":1920,"height":1080,"caption":"webadmin-neo-image"},{"@type":"BreadcrumbList","@id":"https:\/\/www.websupport.hu\/blog\/2018\/08\/hallgatunk-ratok-webadmin-modositasok\/#breadcrumb","itemListElement":[{"@type":"ListItem","position":1,"name":"Home","item":"https:\/\/www.websupport.hu\/blog\/"},{"@type":"ListItem","position":2,"name":"Hallgatunk R\u00e1tok: WebAdmin m\u00f3dos\u00edt\u00e1sok"}]},{"@type":"WebSite","@id":"https:\/\/www.websupport.hu\/blog\/#website","url":"https:\/\/www.websupport.hu\/blog\/","name":"Websupport.hu Blog","description":"","publisher":{"@id":"https:\/\/www.websupport.hu\/blog\/#organization"},"potentialAction":[{"@type":"SearchAction","target":{"@type":"EntryPoint","urlTemplate":"https:\/\/www.websupport.hu\/blog\/?s={search_term_string}"},"query-input":{"@type":"PropertyValueSpecification","valueRequired":true,"valueName":"search_term_string"}}],"inLanguage":"hu"},{"@type":"Organization","@id":"https:\/\/www.websupport.hu\/blog\/#organization","name":"Websupport.hu Blog","url":"https:\/\/www.websupport.hu\/blog\/","logo":{"@type":"ImageObject","inLanguage":"hu","@id":"https:\/\/www.websupport.hu\/blog\/#\/schema\/logo\/image\/","url":"https:\/\/www.websupport.hu\/blog\/app\/uploads\/sites\/3\/2021\/07\/websupport-logo.svg","contentUrl":"https:\/\/www.websupport.hu\/blog\/app\/uploads\/sites\/3\/2021\/07\/websupport-logo.svg","width":153,"height":48,"caption":"Websupport.hu Blog"},"image":{"@id":"https:\/\/www.websupport.hu\/blog\/#\/schema\/logo\/image\/"}},{"@type":"Person","@id":"https:\/\/www.websupport.hu\/blog\/#\/schema\/person\/825ad87e989519aeaa15f282c1f2fa6d","name":"Stan\u010di Markovi\u010dov\u00e1","image":{"@type":"ImageObject","inLanguage":"hu","@id":"https:\/\/secure.gravatar.com\/avatar\/0ec5bf26e0ba8a93e04aa26f1347d508fdef6bd6d4a79966086d98dff663f3db?s=96&d=mm&r=g","url":"https:\/\/secure.gravatar.com\/avatar\/0ec5bf26e0ba8a93e04aa26f1347d508fdef6bd6d4a79966086d98dff663f3db?s=96&d=mm&r=g","contentUrl":"https:\/\/secure.gravatar.com\/avatar\/0ec5bf26e0ba8a93e04aa26f1347d508fdef6bd6d4a79966086d98dff663f3db?s=96&d=mm&r=g","caption":"Stan\u010di Markovi\u010dov\u00e1"},"url":"https:\/\/www.websupport.hu\/blog\/author\/stanislava-markovicova\/"}]}},"_links":{"self":[{"href":"https:\/\/www.websupport.hu\/blog\/wp-json\/wp\/v2\/posts\/4858","targetHints":{"allow":["GET"]}}],"collection":[{"href":"https:\/\/www.websupport.hu\/blog\/wp-json\/wp\/v2\/posts"}],"about":[{"href":"https:\/\/www.websupport.hu\/blog\/wp-json\/wp\/v2\/types\/post"}],"author":[{"embeddable":true,"href":"https:\/\/www.websupport.hu\/blog\/wp-json\/wp\/v2\/users\/78"}],"replies":[{"embeddable":true,"href":"https:\/\/www.websupport.hu\/blog\/wp-json\/wp\/v2\/comments?post=4858"}],"version-history":[{"count":1,"href":"https:\/\/www.websupport.hu\/blog\/wp-json\/wp\/v2\/posts\/4858\/revisions"}],"predecessor-version":[{"id":8727,"href":"https:\/\/www.websupport.hu\/blog\/wp-json\/wp\/v2\/posts\/4858\/revisions\/8727"}],"wp:featuredmedia":[{"embeddable":true,"href":"https:\/\/www.websupport.hu\/blog\/wp-json\/wp\/v2\/media\/4868"}],"wp:attachment":[{"href":"https:\/\/www.websupport.hu\/blog\/wp-json\/wp\/v2\/media?parent=4858"}],"wp:term":[{"taxonomy":"category","embeddable":true,"href":"https:\/\/www.websupport.hu\/blog\/wp-json\/wp\/v2\/categories?post=4858"},{"taxonomy":"post_tag","embeddable":true,"href":"https:\/\/www.websupport.hu\/blog\/wp-json\/wp\/v2\/tags?post=4858"}],"curies":[{"name":"wp","href":"https:\/\/api.w.org\/{rel}","templated":true}]}}