{"id":5687,"date":"2019-05-16T11:37:25","date_gmt":"2019-05-16T10:37:25","guid":{"rendered":"https:\/\/www.websupport.hu\/blog\/?p=5687"},"modified":"2025-03-11T21:02:04","modified_gmt":"2025-03-11T20:02:04","slug":"9-teny-wordpress","status":"publish","type":"post","link":"https:\/\/www.websupport.hu\/blog\/2019\/05\/9-teny-wordpress\/","title":{"rendered":"9 t\u00e9ny amit nem biztos, hogy tudt\u00e1l a WordPressr\u0151l"},"content":{"rendered":"\n<p>A WordPress m\u00e1jus v\u00e9g\u00e9n \u00fcnnepli 16. sz\u00fclet\u00e9snapj\u00e1t. Ezzel szeretn\u00e9nk boldog sz\u00fclet\u00e9snapot k\u00edv\u00e1nni \u00e9s egy\u00fattal megosztani p\u00e1r kev\u00e9sb\u00e9 ismert t\u00e9nyt.<\/p>\n\n\n\n<h4 class=\"wp-block-heading\">Az internet harmada WordPress<\/h4>\n\n\n\n<p>K\u00f6zismert, hogy a WordPress a vil\u00e1g legn\u00e9pszer\u0171bb CMS platformja. A weboldalak 34%-a WordPress alapokra \u00e9p\u00fcl. Ez nagyj\u00e1b\u00f3l 75 milli\u00f3 weboldalt jelent, \u00e9s a teljes CMS platform piac 61%-\u00e1t fedi le.<\/p>\n\n\n\n<h4 class=\"wp-block-heading\">A WordPress felhaszn\u00e1l\u00f3k havonta 132 milli\u00f3szor j\u00e1rultak hozz\u00e1 tartalommal az internethez<\/h4>\n\n\n\n<p>Ez havi 77 milli\u00f3 blogbejegyz\u00e9s \u00e9s 52 milli\u00f3 kommentet jelent minden WordPress felhaszn\u00e1l\u00f3t\u00f3l. <\/p>\n\n\n\n<h4 class=\"wp-block-heading\">A WordPress r\u00e9gebbi, mint a Facebook vagy a Twitter<\/h4>\n\n\n\n<p>A WordPress els\u0151 verzi\u00f3ja 2003. m\u00e1jus 27-\u00e9n jelent meg, \u00edgy id\u0151sebb, mint a Twitter vagy a Facebook. Ezen fel\u00fcl a WordPressnek havonta t\u00f6bb felhaszn\u00e1l\u00f3ja van, mint az Amazonnak \u00e9s kb ugyanannyi, mint a Facebooknak.<\/p>\n\n\n\n<h4 class=\"wp-block-heading\">A WordPressnek nincs tulajdonosa<\/h4>\n\n\n\n<p>Matt Mullenweg, a WordPress t\u00e1rsalap\u00edt\u00f3ja egy alap\u00edtv\u00e1nyt hozott l\u00e9tre (WordPress Foundation) a ny\u00edlt forr\u00e1sk\u00f3d v\u00e9delm\u00e9re. A WordPress.org-nak nincs \u00fcgyvezet\u0151je. A term\u00e9ket t\u00f6bb, mint 100 fejleszt\u0151 \u00e9p\u00edti a vil\u00e1g minden pontj\u00e1r\u00f3l. A legutols\u00f3 verzi\u00f3t, WordPress 5.2-t, t\u00f6bb, mint <a href=\"https:\/\/wordpress.org\/download\/counter\/\">5,3 milli\u00f3szor<\/a> t\u00f6lt\u00f6tt\u00e9k m\u00e1r le.<\/p>\n\n\n\n<h4 class=\"wp-block-heading\">\u00c1tlagosan 152 naponta j\u00f6n frissebb verzi\u00f3<\/h4>\n\n\n\n<p>A WordPress PHP, MySQL, Javascript, HTML \u00e9s CSS alapokra \u00e9p\u00fcl. Ezen fel\u00fcl a WordPress k\u00f6z\u00f6ss\u00e9ge tov\u00e1bbi projektekkel is foglalkozik, mint p\u00e9ld\u00e1ul a bbPress, BuddyPress vagy a GlotPress.<\/p>\n\n\n\n<h4 class=\"wp-block-heading\">A WordPress-t haszn\u00e1lja t\u00f6bb sajt\u00f3 \u00e9s \u00e1llami weboldal is<\/h4>\n\n\n\n<p>A WordPress nem csak c\u00e9ges weboldalak \u00e9s blogokat szolg\u00e1l ki. Sv\u00e9dorsz\u00e1g hivatalos honlapja is WordPress alapokra \u00e9p\u00fcl. Ezen k\u00edv\u00fcl a New York Times, a Forbes vagy a Mashable valamint Jay-Z \u00e9s Russel Brand holnapjai is WordPress oldalak.<\/p>\n\n\n\n<h4 class=\"wp-block-heading\">T\u00f6bb mint 55 000 plugin \u00e9rhet\u0151 el<\/h4>\n\n\n\n<p>\u00c9s minden nap egyre t\u00f6bb! A WordPress egy igazi k\u00f6z\u00f6ss\u00e9g, amit emberek \u00e9s v\u00e1llalatok \u00e9p\u00edtenek a vil\u00e1g minden pontj\u00e1r\u00f3l, mik\u00f6zben a saj\u00e1t \u00fczlet\u00fcket is fejlesztik. A legn\u00e9pszer\u0171bb e-commerce plugin, a WooCommerce 3 milli\u00f3 oldalon fut. Ez a webshopok 11%-a.<\/p>\n\n\n\n<h4 class=\"wp-block-heading\">Ak\u00e1r 5800 ingyen sablonb\u00f3l v\u00e1logathatsz<\/h4>\n\n\n\n<p>Emellett a WordPress minden \u00e9vben \u00faj alap sablonokat ad ki. Az ingyenes sablonok k\u00f6z\u00f6tt a Divi \u00e9s a Genesis a legn\u00e9pszer\u0171bbek. Mindketten az oldalak 10%-\u00e1n van telep\u00edtve. A fizet\u0151s\u00f6k k\u00f6z\u00f6tt az Avada a kir\u00e1ly 510 000 let\u00f6lt\u00e9ssel.<\/p>\n\n\n\n<h4 class=\"wp-block-heading\">A fontosabb friss\u00edt\u00e9seket Jazz zen\u00e9szekr\u0151l neveznek el<\/h4>\n\n\n\n<p>A WordPress core fejleszt\u0151i im\u00e1dj\u00e1k a jazz zen\u00e9t. A v\u00e9letlen m\u0171ve, hogy a WordPress.com c\u00e9ge, az Automattic, pont San Francisco-ban z\u00e1rta be irod\u00e1j\u00e1t. Az alkalmazottak ink\u00e1bb dolgoztak otthonr\u00f3l, minthogy irod\u00e1ba j\u00e1rjanak.<\/p>\n\n\n\n<h4 class=\"wp-block-heading\">U.I.: Saj\u00e1t honlap id\u00edt\u00e1s\u00e1hoz a &#8222;HHE2A0COJQ&#8221; kuponnal 25% kedvezm\u00e9nyt adunk WordPress t\u00e1rhelyeink d\u00edj\u00e1b\u00f3l <a href=\"https:\/\/www.webonic.hu\/wordpress-tarhely\">weboldalunkon<\/a>.<\/h4>\n","protected":false},"excerpt":{"rendered":"<p>A WordPress m\u00e1jus v\u00e9g\u00e9n \u00fcnnepli 16. sz\u00fclet\u00e9snapj\u00e1t. Ezzel szeretn\u00e9nk boldog sz\u00fclet\u00e9snapot k\u00edv\u00e1nni \u00e9s egy\u00fattal megosztani p\u00e1r kev\u00e9sb\u00e9 ismert t\u00e9nyt. Az internet harmada WordPress K\u00f6zismert, hogy a WordPress a vil\u00e1g legn\u00e9pszer\u0171bb CMS platformja. A weboldalak 34%-a WordPress alapokra \u00e9p\u00fcl. Ez nagyj\u00e1b\u00f3l 75 milli\u00f3 weboldalt jelent, \u00e9s a teljes CMS platform piac 61%-\u00e1t fedi le. A WordPress [&hellip;]<\/p>\n","protected":false},"author":78,"featured_media":5696,"comment_status":"open","ping_status":"open","sticky":false,"template":"","format":"standard","meta":{"footnotes":""},"categories":[37],"tags":[825,42,67,68],"class_list":["post-5687","post","type-post","status-publish","format-standard","has-post-thumbnail","hentry","category-tech","tag-honlapfejlesztes","tag-weboldal","tag-wordpress","tag-wordpress-weboldal"],"yoast_head":"<!-- This site is optimized with the Yoast SEO plugin v27.4 - https:\/\/yoast.com\/product\/yoast-seo-wordpress\/ -->\n<title>9 t\u00e9ny amit nem biztos, hogy tudt\u00e1l a WordPressr\u0151l - Websupport.hu Blog<\/title>\n<meta name=\"description\" content=\"A WordPress m\u00e1jus v\u00e9g\u00e9n \u00fcnnepli 16. sz\u00fclet\u00e9snapj\u00e1t. Ezzel szeretn\u00e9nk boldog sz\u00fclet\u00e9snapot k\u00edv\u00e1nni \u00e9s egy\u00fattal megosztani p\u00e1r kev\u00e9sb\u00e9 ismert t\u00e9nyt.\" \/>\n<meta name=\"robots\" content=\"index, follow, max-snippet:-1, max-image-preview:large, max-video-preview:-1\" \/>\n<link rel=\"canonical\" href=\"https:\/\/www.websupport.hu\/blog\/2019\/05\/9-teny-wordpress\/\" \/>\n<meta property=\"og:locale\" content=\"hu_HU\" \/>\n<meta property=\"og:type\" content=\"article\" \/>\n<meta property=\"og:title\" content=\"9 t\u00e9ny amit nem biztos, hogy tudt\u00e1l a WordPressr\u0151l - Websupport.hu Blog\" \/>\n<meta property=\"og:description\" content=\"A WordPress m\u00e1jus v\u00e9g\u00e9n \u00fcnnepli 16. sz\u00fclet\u00e9snapj\u00e1t. Ezzel szeretn\u00e9nk boldog sz\u00fclet\u00e9snapot k\u00edv\u00e1nni \u00e9s egy\u00fattal megosztani p\u00e1r kev\u00e9sb\u00e9 ismert t\u00e9nyt.\" \/>\n<meta property=\"og:url\" content=\"https:\/\/www.websupport.hu\/blog\/2019\/05\/9-teny-wordpress\/\" \/>\n<meta property=\"og:site_name\" content=\"Websupport.hu Blog\" \/>\n<meta property=\"article:published_time\" content=\"2019-05-16T10:37:25+00:00\" \/>\n<meta property=\"article:modified_time\" content=\"2025-03-11T20:02:04+00:00\" \/>\n<meta property=\"og:image\" content=\"https:\/\/www.websupport.hu\/blog\/app\/uploads\/sites\/3\/2019\/05\/wordpress-narodeniny-1920x1080.jpg\" \/>\n\t<meta property=\"og:image:width\" content=\"1920\" \/>\n\t<meta property=\"og:image:height\" content=\"1080\" \/>\n\t<meta property=\"og:image:type\" content=\"image\/jpeg\" \/>\n<meta name=\"author\" content=\"Stan\u010di Markovi\u010dov\u00e1\" \/>\n<meta name=\"twitter:card\" content=\"summary_large_image\" \/>\n<meta name=\"twitter:label1\" content=\"Written by\" \/>\n\t<meta name=\"twitter:data1\" content=\"Stan\u010di Markovi\u010dov\u00e1\" \/>\n\t<meta name=\"twitter:label2\" content=\"Est. reading time\" \/>\n\t<meta name=\"twitter:data2\" content=\"3 perc\" \/>\n<script type=\"application\/ld+json\" class=\"yoast-schema-graph\">{\"@context\":\"https:\\\/\\\/schema.org\",\"@graph\":[{\"@type\":\"Article\",\"@id\":\"https:\\\/\\\/www.websupport.hu\\\/blog\\\/2019\\\/05\\\/9-teny-wordpress\\\/#article\",\"isPartOf\":{\"@id\":\"https:\\\/\\\/www.websupport.hu\\\/blog\\\/2019\\\/05\\\/9-teny-wordpress\\\/\"},\"author\":{\"name\":\"Stan\u010di Markovi\u010dov\u00e1\",\"@id\":\"https:\\\/\\\/www.websupport.hu\\\/blog\\\/#\\\/schema\\\/person\\\/825ad87e989519aeaa15f282c1f2fa6d\"},\"headline\":\"9 t\u00e9ny amit nem biztos, hogy tudt\u00e1l a WordPressr\u0151l\",\"datePublished\":\"2019-05-16T10:37:25+00:00\",\"dateModified\":\"2025-03-11T20:02:04+00:00\",\"mainEntityOfPage\":{\"@id\":\"https:\\\/\\\/www.websupport.hu\\\/blog\\\/2019\\\/05\\\/9-teny-wordpress\\\/\"},\"wordCount\":526,\"commentCount\":0,\"publisher\":{\"@id\":\"https:\\\/\\\/www.websupport.hu\\\/blog\\\/#organization\"},\"image\":{\"@id\":\"https:\\\/\\\/www.websupport.hu\\\/blog\\\/2019\\\/05\\\/9-teny-wordpress\\\/#primaryimage\"},\"thumbnailUrl\":\"https:\\\/\\\/www.websupport.hu\\\/blog\\\/app\\\/uploads\\\/sites\\\/3\\\/2019\\\/05\\\/wordpress-narodeniny-1920x1080.jpg\",\"keywords\":[\"honlapfejleszt\u00e9s\",\"weboldal\",\"wordpress\",\"wordpress weboldal\"],\"articleSection\":[\"Tech\"],\"inLanguage\":\"hu\",\"potentialAction\":[{\"@type\":\"CommentAction\",\"name\":\"Comment\",\"target\":[\"https:\\\/\\\/www.websupport.hu\\\/blog\\\/2019\\\/05\\\/9-teny-wordpress\\\/#respond\"]}]},{\"@type\":\"WebPage\",\"@id\":\"https:\\\/\\\/www.websupport.hu\\\/blog\\\/2019\\\/05\\\/9-teny-wordpress\\\/\",\"url\":\"https:\\\/\\\/www.websupport.hu\\\/blog\\\/2019\\\/05\\\/9-teny-wordpress\\\/\",\"name\":\"9 t\u00e9ny amit nem biztos, hogy tudt\u00e1l a WordPressr\u0151l - Websupport.hu Blog\",\"isPartOf\":{\"@id\":\"https:\\\/\\\/www.websupport.hu\\\/blog\\\/#website\"},\"primaryImageOfPage\":{\"@id\":\"https:\\\/\\\/www.websupport.hu\\\/blog\\\/2019\\\/05\\\/9-teny-wordpress\\\/#primaryimage\"},\"image\":{\"@id\":\"https:\\\/\\\/www.websupport.hu\\\/blog\\\/2019\\\/05\\\/9-teny-wordpress\\\/#primaryimage\"},\"thumbnailUrl\":\"https:\\\/\\\/www.websupport.hu\\\/blog\\\/app\\\/uploads\\\/sites\\\/3\\\/2019\\\/05\\\/wordpress-narodeniny-1920x1080.jpg\",\"datePublished\":\"2019-05-16T10:37:25+00:00\",\"dateModified\":\"2025-03-11T20:02:04+00:00\",\"description\":\"A WordPress m\u00e1jus v\u00e9g\u00e9n \u00fcnnepli 16. sz\u00fclet\u00e9snapj\u00e1t. Ezzel szeretn\u00e9nk boldog sz\u00fclet\u00e9snapot k\u00edv\u00e1nni \u00e9s egy\u00fattal megosztani p\u00e1r kev\u00e9sb\u00e9 ismert t\u00e9nyt.\",\"breadcrumb\":{\"@id\":\"https:\\\/\\\/www.websupport.hu\\\/blog\\\/2019\\\/05\\\/9-teny-wordpress\\\/#breadcrumb\"},\"inLanguage\":\"hu\",\"potentialAction\":[{\"@type\":\"ReadAction\",\"target\":[\"https:\\\/\\\/www.websupport.hu\\\/blog\\\/2019\\\/05\\\/9-teny-wordpress\\\/\"]}]},{\"@type\":\"ImageObject\",\"inLanguage\":\"hu\",\"@id\":\"https:\\\/\\\/www.websupport.hu\\\/blog\\\/2019\\\/05\\\/9-teny-wordpress\\\/#primaryimage\",\"url\":\"https:\\\/\\\/www.websupport.hu\\\/blog\\\/app\\\/uploads\\\/sites\\\/3\\\/2019\\\/05\\\/wordpress-narodeniny-1920x1080.jpg\",\"contentUrl\":\"https:\\\/\\\/www.websupport.hu\\\/blog\\\/app\\\/uploads\\\/sites\\\/3\\\/2019\\\/05\\\/wordpress-narodeniny-1920x1080.jpg\",\"width\":1920,\"height\":1080},{\"@type\":\"BreadcrumbList\",\"@id\":\"https:\\\/\\\/www.websupport.hu\\\/blog\\\/2019\\\/05\\\/9-teny-wordpress\\\/#breadcrumb\",\"itemListElement\":[{\"@type\":\"ListItem\",\"position\":1,\"name\":\"Home\",\"item\":\"https:\\\/\\\/www.websupport.hu\\\/blog\\\/\"},{\"@type\":\"ListItem\",\"position\":2,\"name\":\"9 t\u00e9ny amit nem biztos, hogy tudt\u00e1l a WordPressr\u0151l\"}]},{\"@type\":\"WebSite\",\"@id\":\"https:\\\/\\\/www.websupport.hu\\\/blog\\\/#website\",\"url\":\"https:\\\/\\\/www.websupport.hu\\\/blog\\\/\",\"name\":\"Websupport.hu Blog\",\"description\":\"\",\"publisher\":{\"@id\":\"https:\\\/\\\/www.websupport.hu\\\/blog\\\/#organization\"},\"potentialAction\":[{\"@type\":\"SearchAction\",\"target\":{\"@type\":\"EntryPoint\",\"urlTemplate\":\"https:\\\/\\\/www.websupport.hu\\\/blog\\\/?s={search_term_string}\"},\"query-input\":{\"@type\":\"PropertyValueSpecification\",\"valueRequired\":true,\"valueName\":\"search_term_string\"}}],\"inLanguage\":\"hu\"},{\"@type\":\"Organization\",\"@id\":\"https:\\\/\\\/www.websupport.hu\\\/blog\\\/#organization\",\"name\":\"Websupport.hu Blog\",\"url\":\"https:\\\/\\\/www.websupport.hu\\\/blog\\\/\",\"logo\":{\"@type\":\"ImageObject\",\"inLanguage\":\"hu\",\"@id\":\"https:\\\/\\\/www.websupport.hu\\\/blog\\\/#\\\/schema\\\/logo\\\/image\\\/\",\"url\":\"https:\\\/\\\/www.websupport.hu\\\/blog\\\/app\\\/uploads\\\/sites\\\/3\\\/2021\\\/07\\\/websupport-logo.svg\",\"contentUrl\":\"https:\\\/\\\/www.websupport.hu\\\/blog\\\/app\\\/uploads\\\/sites\\\/3\\\/2021\\\/07\\\/websupport-logo.svg\",\"width\":153,\"height\":48,\"caption\":\"Websupport.hu Blog\"},\"image\":{\"@id\":\"https:\\\/\\\/www.websupport.hu\\\/blog\\\/#\\\/schema\\\/logo\\\/image\\\/\"}},{\"@type\":\"Person\",\"@id\":\"https:\\\/\\\/www.websupport.hu\\\/blog\\\/#\\\/schema\\\/person\\\/825ad87e989519aeaa15f282c1f2fa6d\",\"name\":\"Stan\u010di Markovi\u010dov\u00e1\",\"image\":{\"@type\":\"ImageObject\",\"inLanguage\":\"hu\",\"@id\":\"https:\\\/\\\/secure.gravatar.com\\\/avatar\\\/0ec5bf26e0ba8a93e04aa26f1347d508fdef6bd6d4a79966086d98dff663f3db?s=96&d=mm&r=g\",\"url\":\"https:\\\/\\\/secure.gravatar.com\\\/avatar\\\/0ec5bf26e0ba8a93e04aa26f1347d508fdef6bd6d4a79966086d98dff663f3db?s=96&d=mm&r=g\",\"contentUrl\":\"https:\\\/\\\/secure.gravatar.com\\\/avatar\\\/0ec5bf26e0ba8a93e04aa26f1347d508fdef6bd6d4a79966086d98dff663f3db?s=96&d=mm&r=g\",\"caption\":\"Stan\u010di Markovi\u010dov\u00e1\"},\"url\":\"https:\\\/\\\/www.websupport.hu\\\/blog\\\/author\\\/stanislava-markovicova\\\/\"}]}<\/script>\n<!-- \/ Yoast SEO plugin. -->","yoast_head_json":{"title":"9 t\u00e9ny amit nem biztos, hogy tudt\u00e1l a WordPressr\u0151l - Websupport.hu Blog","description":"A WordPress m\u00e1jus v\u00e9g\u00e9n \u00fcnnepli 16. sz\u00fclet\u00e9snapj\u00e1t. Ezzel szeretn\u00e9nk boldog sz\u00fclet\u00e9snapot k\u00edv\u00e1nni \u00e9s egy\u00fattal megosztani p\u00e1r kev\u00e9sb\u00e9 ismert t\u00e9nyt.","robots":{"index":"index","follow":"follow","max-snippet":"max-snippet:-1","max-image-preview":"max-image-preview:large","max-video-preview":"max-video-preview:-1"},"canonical":"https:\/\/www.websupport.hu\/blog\/2019\/05\/9-teny-wordpress\/","og_locale":"hu_HU","og_type":"article","og_title":"9 t\u00e9ny amit nem biztos, hogy tudt\u00e1l a WordPressr\u0151l - Websupport.hu Blog","og_description":"A WordPress m\u00e1jus v\u00e9g\u00e9n \u00fcnnepli 16. sz\u00fclet\u00e9snapj\u00e1t. Ezzel szeretn\u00e9nk boldog sz\u00fclet\u00e9snapot k\u00edv\u00e1nni \u00e9s egy\u00fattal megosztani p\u00e1r kev\u00e9sb\u00e9 ismert t\u00e9nyt.","og_url":"https:\/\/www.websupport.hu\/blog\/2019\/05\/9-teny-wordpress\/","og_site_name":"Websupport.hu Blog","article_published_time":"2019-05-16T10:37:25+00:00","article_modified_time":"2025-03-11T20:02:04+00:00","og_image":[{"width":1920,"height":1080,"url":"https:\/\/www.websupport.hu\/blog\/app\/uploads\/sites\/3\/2019\/05\/wordpress-narodeniny-1920x1080.jpg","type":"image\/jpeg"}],"author":"Stan\u010di Markovi\u010dov\u00e1","twitter_card":"summary_large_image","twitter_misc":{"Written by":"Stan\u010di Markovi\u010dov\u00e1","Est. reading time":"3 perc"},"schema":{"@context":"https:\/\/schema.org","@graph":[{"@type":"Article","@id":"https:\/\/www.websupport.hu\/blog\/2019\/05\/9-teny-wordpress\/#article","isPartOf":{"@id":"https:\/\/www.websupport.hu\/blog\/2019\/05\/9-teny-wordpress\/"},"author":{"name":"Stan\u010di Markovi\u010dov\u00e1","@id":"https:\/\/www.websupport.hu\/blog\/#\/schema\/person\/825ad87e989519aeaa15f282c1f2fa6d"},"headline":"9 t\u00e9ny amit nem biztos, hogy tudt\u00e1l a WordPressr\u0151l","datePublished":"2019-05-16T10:37:25+00:00","dateModified":"2025-03-11T20:02:04+00:00","mainEntityOfPage":{"@id":"https:\/\/www.websupport.hu\/blog\/2019\/05\/9-teny-wordpress\/"},"wordCount":526,"commentCount":0,"publisher":{"@id":"https:\/\/www.websupport.hu\/blog\/#organization"},"image":{"@id":"https:\/\/www.websupport.hu\/blog\/2019\/05\/9-teny-wordpress\/#primaryimage"},"thumbnailUrl":"https:\/\/www.websupport.hu\/blog\/app\/uploads\/sites\/3\/2019\/05\/wordpress-narodeniny-1920x1080.jpg","keywords":["honlapfejleszt\u00e9s","weboldal","wordpress","wordpress weboldal"],"articleSection":["Tech"],"inLanguage":"hu","potentialAction":[{"@type":"CommentAction","name":"Comment","target":["https:\/\/www.websupport.hu\/blog\/2019\/05\/9-teny-wordpress\/#respond"]}]},{"@type":"WebPage","@id":"https:\/\/www.websupport.hu\/blog\/2019\/05\/9-teny-wordpress\/","url":"https:\/\/www.websupport.hu\/blog\/2019\/05\/9-teny-wordpress\/","name":"9 t\u00e9ny amit nem biztos, hogy tudt\u00e1l a WordPressr\u0151l - Websupport.hu Blog","isPartOf":{"@id":"https:\/\/www.websupport.hu\/blog\/#website"},"primaryImageOfPage":{"@id":"https:\/\/www.websupport.hu\/blog\/2019\/05\/9-teny-wordpress\/#primaryimage"},"image":{"@id":"https:\/\/www.websupport.hu\/blog\/2019\/05\/9-teny-wordpress\/#primaryimage"},"thumbnailUrl":"https:\/\/www.websupport.hu\/blog\/app\/uploads\/sites\/3\/2019\/05\/wordpress-narodeniny-1920x1080.jpg","datePublished":"2019-05-16T10:37:25+00:00","dateModified":"2025-03-11T20:02:04+00:00","description":"A WordPress m\u00e1jus v\u00e9g\u00e9n \u00fcnnepli 16. sz\u00fclet\u00e9snapj\u00e1t. Ezzel szeretn\u00e9nk boldog sz\u00fclet\u00e9snapot k\u00edv\u00e1nni \u00e9s egy\u00fattal megosztani p\u00e1r kev\u00e9sb\u00e9 ismert t\u00e9nyt.","breadcrumb":{"@id":"https:\/\/www.websupport.hu\/blog\/2019\/05\/9-teny-wordpress\/#breadcrumb"},"inLanguage":"hu","potentialAction":[{"@type":"ReadAction","target":["https:\/\/www.websupport.hu\/blog\/2019\/05\/9-teny-wordpress\/"]}]},{"@type":"ImageObject","inLanguage":"hu","@id":"https:\/\/www.websupport.hu\/blog\/2019\/05\/9-teny-wordpress\/#primaryimage","url":"https:\/\/www.websupport.hu\/blog\/app\/uploads\/sites\/3\/2019\/05\/wordpress-narodeniny-1920x1080.jpg","contentUrl":"https:\/\/www.websupport.hu\/blog\/app\/uploads\/sites\/3\/2019\/05\/wordpress-narodeniny-1920x1080.jpg","width":1920,"height":1080},{"@type":"BreadcrumbList","@id":"https:\/\/www.websupport.hu\/blog\/2019\/05\/9-teny-wordpress\/#breadcrumb","itemListElement":[{"@type":"ListItem","position":1,"name":"Home","item":"https:\/\/www.websupport.hu\/blog\/"},{"@type":"ListItem","position":2,"name":"9 t\u00e9ny amit nem biztos, hogy tudt\u00e1l a WordPressr\u0151l"}]},{"@type":"WebSite","@id":"https:\/\/www.websupport.hu\/blog\/#website","url":"https:\/\/www.websupport.hu\/blog\/","name":"Websupport.hu Blog","description":"","publisher":{"@id":"https:\/\/www.websupport.hu\/blog\/#organization"},"potentialAction":[{"@type":"SearchAction","target":{"@type":"EntryPoint","urlTemplate":"https:\/\/www.websupport.hu\/blog\/?s={search_term_string}"},"query-input":{"@type":"PropertyValueSpecification","valueRequired":true,"valueName":"search_term_string"}}],"inLanguage":"hu"},{"@type":"Organization","@id":"https:\/\/www.websupport.hu\/blog\/#organization","name":"Websupport.hu Blog","url":"https:\/\/www.websupport.hu\/blog\/","logo":{"@type":"ImageObject","inLanguage":"hu","@id":"https:\/\/www.websupport.hu\/blog\/#\/schema\/logo\/image\/","url":"https:\/\/www.websupport.hu\/blog\/app\/uploads\/sites\/3\/2021\/07\/websupport-logo.svg","contentUrl":"https:\/\/www.websupport.hu\/blog\/app\/uploads\/sites\/3\/2021\/07\/websupport-logo.svg","width":153,"height":48,"caption":"Websupport.hu Blog"},"image":{"@id":"https:\/\/www.websupport.hu\/blog\/#\/schema\/logo\/image\/"}},{"@type":"Person","@id":"https:\/\/www.websupport.hu\/blog\/#\/schema\/person\/825ad87e989519aeaa15f282c1f2fa6d","name":"Stan\u010di Markovi\u010dov\u00e1","image":{"@type":"ImageObject","inLanguage":"hu","@id":"https:\/\/secure.gravatar.com\/avatar\/0ec5bf26e0ba8a93e04aa26f1347d508fdef6bd6d4a79966086d98dff663f3db?s=96&d=mm&r=g","url":"https:\/\/secure.gravatar.com\/avatar\/0ec5bf26e0ba8a93e04aa26f1347d508fdef6bd6d4a79966086d98dff663f3db?s=96&d=mm&r=g","contentUrl":"https:\/\/secure.gravatar.com\/avatar\/0ec5bf26e0ba8a93e04aa26f1347d508fdef6bd6d4a79966086d98dff663f3db?s=96&d=mm&r=g","caption":"Stan\u010di Markovi\u010dov\u00e1"},"url":"https:\/\/www.websupport.hu\/blog\/author\/stanislava-markovicova\/"}]}},"_links":{"self":[{"href":"https:\/\/www.websupport.hu\/blog\/wp-json\/wp\/v2\/posts\/5687","targetHints":{"allow":["GET"]}}],"collection":[{"href":"https:\/\/www.websupport.hu\/blog\/wp-json\/wp\/v2\/posts"}],"about":[{"href":"https:\/\/www.websupport.hu\/blog\/wp-json\/wp\/v2\/types\/post"}],"author":[{"embeddable":true,"href":"https:\/\/www.websupport.hu\/blog\/wp-json\/wp\/v2\/users\/78"}],"replies":[{"embeddable":true,"href":"https:\/\/www.websupport.hu\/blog\/wp-json\/wp\/v2\/comments?post=5687"}],"version-history":[{"count":3,"href":"https:\/\/www.websupport.hu\/blog\/wp-json\/wp\/v2\/posts\/5687\/revisions"}],"predecessor-version":[{"id":5711,"href":"https:\/\/www.websupport.hu\/blog\/wp-json\/wp\/v2\/posts\/5687\/revisions\/5711"}],"wp:featuredmedia":[{"embeddable":true,"href":"https:\/\/www.websupport.hu\/blog\/wp-json\/wp\/v2\/media\/5696"}],"wp:attachment":[{"href":"https:\/\/www.websupport.hu\/blog\/wp-json\/wp\/v2\/media?parent=5687"}],"wp:term":[{"taxonomy":"category","embeddable":true,"href":"https:\/\/www.websupport.hu\/blog\/wp-json\/wp\/v2\/categories?post=5687"},{"taxonomy":"post_tag","embeddable":true,"href":"https:\/\/www.websupport.hu\/blog\/wp-json\/wp\/v2\/tags?post=5687"}],"curies":[{"name":"wp","href":"https:\/\/api.w.org\/{rel}","templated":true}]}}