{"id":7622,"date":"2021-03-18T11:45:09","date_gmt":"2021-03-18T10:45:09","guid":{"rendered":"https:\/\/www.websupport.hu\/blog\/?p=7622"},"modified":"2025-03-11T21:02:08","modified_gmt":"2025-03-11T20:02:08","slug":"gdpr-es-a-hackerek-mit-kell-tenned-incidens-utan","status":"publish","type":"post","link":"https:\/\/www.websupport.hu\/blog\/2021\/03\/gdpr-es-a-hackerek-mit-kell-tenned-incidens-utan\/","title":{"rendered":"GDPR \u00e9s a hackerek &#8211; mit kell tenned incidens ut\u00e1n"},"content":{"rendered":"\n<p>P\u00e9ter egy t\u00e1pl\u00e1l\u00e9k kieg\u00e9sz\u00edt\u0151ket \u00e1rul\u00f3 webshop tulajdonosa \u00e9s \u00fczemeltet\u0151je. Az \u00fcgyfeleknek van saj\u00e1t fi\u00f3kjuk term\u00e9szetesen, amiben bankk\u00e1rty\u00e1t is regisztr\u00e1ltak. Egy nap P\u00e9ter \u00e9szreveszi, hogy n\u00e9h\u00e1ny \u00fcgyf\u00e9l fi\u00f3kj\u00e1t t\u00e1mad\u00f3k t\u00f6rt\u00e9k fel.&nbsp;&nbsp;<\/p>\n\n\n\n<p>P\u00e9ter gyorsan reag\u00e1l a helyzetre. \u00daj jelszavakat gener\u00e1l a felhaszn\u00e1l\u00f3i fi\u00f3kokhoz, \u00e9s emailt is k\u00fcld az \u00e9rintetteknek egy linkkel, hogy v\u00e1ltoztass\u00e1k meg a jelszavaikat amint lehet. Egy hajsz\u00e1lon m\u00falott, ennyi &#8211; s\u00f3hajt fel.<\/p>\n\n\n\n<p>P\u00e9ter nem tudja, hogy jelenleg egy <strong>t\u00f6bb milli\u00f3 Forintos b\u00edrs\u00e1gnak van kit\u00e9ve<\/strong>. Mit nem csin\u00e1lt j\u00f3l?\u0171<\/p>\n\n\n\n<h2 class=\"wp-block-heading\">Mi az az adatv\u00e9delmi incidens?<\/h2>\n\n\n\n<p>Az <strong>adatv\u00e9delmi incidens<\/strong> a GDPR szerint a biztons\u00e1g olyan s\u00e9r\u00fcl\u00e9se, amely a <strong>tov\u00e1bb\u00edtott, t\u00e1rolt vagy m\u00e1s m\u00f3don kezelt szem\u00e9lyes adatok<\/strong> v\u00e9letlen vagy jogellenes megsemmis\u00edt\u00e9s\u00e9t, elveszt\u00e9s\u00e9t, megv\u00e1ltoztat\u00e1s\u00e1t, jogosulatlan k\u00f6zl\u00e9s\u00e9t vagy az azokhoz val\u00f3 jogosulatlan hozz\u00e1f\u00e9r\u00e9st eredm\u00e9nyezi.<\/p>\n\n\n\n<p>P\u00e9ld\u00e1ul ha az oldalad felt\u00f6rik, \u00e9s a t\u00e1mad\u00f3k megszerzik az \u00fcgyfeleid <strong>szem\u00e9lyes adatait, bankk\u00e1rtya adatokat, lakc\u00edmeket<\/strong>, stb. Klasszikus p\u00e9lda az \u00fcgyf\u00e9l adatokkal elhagyott pen-drive, de ide tartozik az is, ha az adatb\u00e1zisodban szerepl\u0151 Kov\u00e1cs Istv\u00e1n nev\u0171 embernek t\u00e9ved\u00e9sb\u0151l egy m\u00e1sik Kov\u00e1cs Istv\u00e1n adatait k\u00fcld\u00f6d el. De m\u00e9g sz\u00e1mos m\u00e1s p\u00e9ld\u00e1t is lehetne hozni.<\/p>\n\n\n\n<h2 class=\"wp-block-heading\">Mit kell tenni egy ilyen incidens eset\u00e9n?<\/h2>\n\n\n\n<p>Az incidens kezel\u00e9se \u00e9s elh\u00e1r\u00edt\u00e1sa ut\u00e1n a GDPR szerint mindent megfelel\u0151en <strong>dokument\u00e1lni kell<\/strong> az esettel kapcsolatban.<\/p>\n\n\n\n<p>Az adatv\u00e9delmi incidenst az adatkezel\u0151 k\u00f6teles indokolatlan k\u00e9sedelem n\u00e9lk\u00fcl, \u00e9s ha lehets\u00e9ges, <strong>legk\u00e9s\u0151bb 72 \u00f3r\u00e1val azut\u00e1n<\/strong>, hogy az adatv\u00e9delmi incidens a tudom\u00e1s\u00e1ra jutott, bejelenteni az illet\u00e9kes fel\u00fcgyeleti hat\u00f3s\u00e1gnak. Magyarorsz\u00e1gon ez a <strong>Nemzeti Adav\u00e9delmi \u00e9s Inform\u00e1ci\u00f3szabads\u00e1g Hat\u00f3s\u00e1g<\/strong>, r\u00f6vid\u00edtve: NAIH.<\/p>\n\n\n\n<p>A NAIH \u00e9ppen ez\u00e9rt \u00fczemeltet egy <a href=\"https:\/\/dbn-online.naih.hu\/public\/login\" target=\"_blank\" rel=\"noreferrer noopener\">online rendszert<\/a>, ahol ezeket az incidenseket a c\u00e9gek be tudj\u00e1k jelenteni.<\/p>\n\n\n\n<p>Term\u00e9szetesen el\u0151fordulhat, hogy az incidens mindegy egyes, dokument\u00e1l\u00e1sra szorul\u00f3 r\u00e9szlet\u00e9t nem siker\u00fcl 72 \u00f3r\u00e1n bel\u00fcl felder\u00edteni. Ez esetben \u00fagynevezett <strong>szakaszos bejelent\u00e9st kell alkalmazni<\/strong>, azaz, amit lehet be kell jelenteni id\u0151ben, a t\u00f6bbit pedig k\u00e9s\u0151bb p\u00f3tolni, amint kider\u00fcl.<\/p>\n\n\n\n<p>Fontos, hogy ha a bejelent\u00e9s nem t\u00f6rt\u00e9nik meg 72 \u00f3r\u00e1n bel\u00fcl, akkor k\u00e9s\u0151bb p\u00f3tolni kell a <strong>k\u00e9sedelem igazol\u00e1s\u00e1ra szolg\u00e1l\u00f3 indokokat<\/strong> is.<\/p>\n\n\n\n<blockquote class=\"wp-block-quote is-layout-flow wp-block-quote-is-layout-flow\"><p>TIPP: K\u00f6zepes \u00e9s nagyobb c\u00e9gek eset\u00e9ben javasolt egy folyamatot el\u0151re r\u00f6gz\u00edteni \u00e9s megismertetni a munkat\u00e1rsakkal: ki, mit, mikor \u00e9s hogyan jelent, kinek mi a felel\u0151ss\u00e9gi k\u00f6re, ha adatv\u00e9delmi incidens t\u00f6rt\u00e9nik. Egy ilyen ir\u00e1nyelv seg\u00edt ha baj van, \u00e9s cs\u00f6kkentheti a b\u00fcntet\u00e9s m\u00e9rt\u00e9k\u00e9t is.<\/p><\/blockquote>\n\n\n\n<h2 class=\"wp-block-heading\">Van kiv\u00e9tel a jelent\u00e9si k\u00f6telezetts\u00e9g al\u00f3l?<\/h2>\n\n\n\n<p>Igen, vannak esetek, amikor nem kell jelent\u00e9st tenni.<\/p>\n\n\n\n<p>De csak akkor, ha bizonyosan igazolhat\u00f3, hogy <strong>senkinek nem s\u00e9r\u00fcltek a jogai<\/strong>. Ilyen lehet, ha az adatok kiemelt titkos\u00edt\u00e1ssal vannak v\u00e9dve, de minden esetet meg kell vizsg\u00e1lni. Figyelembe kell venni az incidens sor\u00e1n \u00e9rintett <strong>adatok mennyis\u00e9g\u00e9t, k\u00f6r\u00e9t, form\u00e1tum\u00e1t, <\/strong>\u00e9s azt is, hogy<strong> k\u00f6nnyen azonos\u00edthat\u00f3k-e p\u00e9ld\u00e1ul az \u00fcgyfelek<\/strong>, \u00e9s milyen k\u00f6vetkezm\u00e9nnyel j\u00e1r ha m\u00e9gis kiker\u00fclnek az adatok.<\/p>\n\n\n\n<p>Az\u00e9rt is jobb jelenteni az incidenseket, mert ha ezt egy k\u00e1rosult \u00fcgyf\u00e9l teszi meg a c\u00e9g helyett, \u00fagy a b\u00fcntet\u00e9s \u00e9s a k\u00f6vetkezm\u00e9ny sokkal komolyabb lehet.<\/p>\n\n\n\n<h2 class=\"wp-block-heading\">Mi t\u00f6rt\u00e9nik a bejelent\u00e9s ut\u00e1n?<\/h2>\n\n\n\n<p>A bejelent\u00e9st k\u00f6vet\u0151en a Hat\u00f3s\u00e1g kapcsolatba l\u00e9phet az adott c\u00e9ggel, de a<strong>z is el\u0151fordulhat, hogy semmi nem t\u00f6rt\u00e9nik<\/strong> (a jelent\u00e9st\u0151l f\u00fcgg). A GDPR \u00e9s az Infot\u00f6rv\u00e9ny le\u00edrja, mik\u00e9nt j\u00e1rhat el a NAIH, de \u00f6sszess\u00e9g\u00e9ben elmondhat\u00f3, hogy k\u00e9rhet tov\u00e1bbi adatokat, dokumentumokat, megfogalmazhat aj\u00e1nl\u00e1sokat, lez\u00e1rhatja az \u00fcgyet, de elj\u00e1r\u00e1st is ind\u00edthat.<\/p>\n\n\n\n<h2 class=\"wp-block-heading\">A folyamat \u00f6sszegezve:<\/h2>\n\n\n\n<ol class=\"wp-block-list\"><li>Els\u0151 a hiba elh\u00e1r\u00edt\u00e1sa \u00e9s a biztons\u00e1g vissza\u00e1ll\u00edt\u00e1sa<\/li><li>Ellen\u0151rizd t\u00f6bbsz\u00f6r, hogy t\u00f6rt\u00e9nt-e adatv\u00e9delmi incidens.<\/li><li>Ha t\u00f6rt\u00e9nt, mindenk\u00e9pp ford\u00edts figyelmet a 72 \u00f3r\u00e1s hat\u00e1rid\u0151 betart\u00e1s\u00e1ra, \u00e9s jelentsd a NAIH sz\u00e1m\u00e1ra.<\/li><li>Ha m\u00e9g nincs elegend\u0151 inform\u00e1ci\u00f3d, akkor is tegy\u00e9l jelent\u00e9st 72 \u00f3r\u00e1n bel\u00fcl.<\/li><li>Ha elmulasztottad a 72 \u00f3r\u00e1t, akkor a jelent\u00e9sben fejtsd ki az ok\u00e1t.<\/li><li>Dokument\u00e1ld az incidenst \u00e9s az azt k\u00f6vet\u0151 l\u00e9p\u00e9seket eg\u00e9szen a folyamat v\u00e9g\u00e9ig.<\/li><\/ol>\n\n\n\n<p><em>Megjegyz\u00e9s: ez a cikk \u00e1ltal\u00e1nos t\u00e1j\u00e9koztat\u00e1s \u00e9s nem min\u0151s\u00fcl jogi tan\u00e1csad\u00e1snak. Ha sz\u00fcks\u00e9gesnek \u00e9rzed, akkor mindenk\u00e9pp konzult\u00e1lj \u00fcgyv\u00e9ddel a GPDR kapcs\u00e1n.<\/em><\/p>\n","protected":false},"excerpt":{"rendered":"<p> &#8211;<\/p>\n","protected":false},"author":78,"featured_media":7628,"comment_status":"closed","ping_status":"open","sticky":false,"template":"","format":"standard","meta":{"footnotes":""},"categories":[1027],"tags":[29,845,1361,1364,1367,852],"class_list":["post-7622","post","type-post","status-publish","format-standard","has-post-thumbnail","hentry","category-fejtagitas","tag-adatvedelem","tag-adatvedelmi-bejelentes","tag-gdpr","tag-incidens","tag-naih","tag-webshop"],"yoast_head":"<!-- This site is optimized with the Yoast SEO plugin v27.4 - https:\/\/yoast.com\/product\/yoast-seo-wordpress\/ -->\n<title>GDPR \u00e9s a hackerek - mit kell tenned incidens ut\u00e1n - Websupport.hu Blog<\/title>\n<meta name=\"description\" content=\"Mi az adatv\u00e9delmi incidens \u00e9s mit kell tenned ha bek\u00f6vetkezik? Ebben a cikkben a bejelent\u00e9si k\u00f6telezetts\u00e9gr\u0151l lesz sz\u00f3.\" \/>\n<meta name=\"robots\" content=\"index, follow, max-snippet:-1, max-image-preview:large, max-video-preview:-1\" \/>\n<link rel=\"canonical\" href=\"https:\/\/www.websupport.hu\/blog\/2021\/03\/gdpr-es-a-hackerek-mit-kell-tenned-incidens-utan\/\" \/>\n<meta property=\"og:locale\" content=\"hu_HU\" \/>\n<meta property=\"og:type\" content=\"article\" \/>\n<meta property=\"og:title\" content=\"GDPR \u00e9s a hackerek - mit kell tenned incidens ut\u00e1n - Websupport.hu Blog\" \/>\n<meta property=\"og:description\" content=\"Mi az adatv\u00e9delmi incidens \u00e9s mit kell tenned ha bek\u00f6vetkezik? Ebben a cikkben a bejelent\u00e9si k\u00f6telezetts\u00e9gr\u0151l lesz sz\u00f3.\" \/>\n<meta property=\"og:url\" content=\"https:\/\/www.websupport.hu\/blog\/2021\/03\/gdpr-es-a-hackerek-mit-kell-tenned-incidens-utan\/\" \/>\n<meta property=\"og:site_name\" content=\"Websupport.hu Blog\" \/>\n<meta property=\"article:published_time\" content=\"2021-03-18T10:45:09+00:00\" \/>\n<meta property=\"article:modified_time\" content=\"2025-03-11T20:02:08+00:00\" \/>\n<meta property=\"og:image\" content=\"https:\/\/www.websupport.hu\/blog\/app\/uploads\/sites\/3\/2021\/03\/hacknuty-eshopBP.jpeg\" \/>\n\t<meta property=\"og:image:width\" content=\"1920\" \/>\n\t<meta property=\"og:image:height\" content=\"1080\" \/>\n\t<meta property=\"og:image:type\" content=\"image\/jpeg\" \/>\n<meta name=\"author\" content=\"Stan\u010di Markovi\u010dov\u00e1\" \/>\n<meta name=\"twitter:card\" content=\"summary_large_image\" \/>\n<meta name=\"twitter:label1\" content=\"Written by\" \/>\n\t<meta name=\"twitter:data1\" content=\"Stan\u010di Markovi\u010dov\u00e1\" \/>\n\t<meta name=\"twitter:label2\" content=\"Est. reading time\" \/>\n\t<meta name=\"twitter:data2\" content=\"3 perc\" \/>\n<script type=\"application\/ld+json\" class=\"yoast-schema-graph\">{\"@context\":\"https:\\\/\\\/schema.org\",\"@graph\":[{\"@type\":\"Article\",\"@id\":\"https:\\\/\\\/www.websupport.hu\\\/blog\\\/2021\\\/03\\\/gdpr-es-a-hackerek-mit-kell-tenned-incidens-utan\\\/#article\",\"isPartOf\":{\"@id\":\"https:\\\/\\\/www.websupport.hu\\\/blog\\\/2021\\\/03\\\/gdpr-es-a-hackerek-mit-kell-tenned-incidens-utan\\\/\"},\"author\":{\"name\":\"Stan\u010di Markovi\u010dov\u00e1\",\"@id\":\"https:\\\/\\\/www.websupport.hu\\\/blog\\\/#\\\/schema\\\/person\\\/825ad87e989519aeaa15f282c1f2fa6d\"},\"headline\":\"GDPR \u00e9s a hackerek &#8211; mit kell tenned incidens ut\u00e1n\",\"datePublished\":\"2021-03-18T10:45:09+00:00\",\"dateModified\":\"2025-03-11T20:02:08+00:00\",\"mainEntityOfPage\":{\"@id\":\"https:\\\/\\\/www.websupport.hu\\\/blog\\\/2021\\\/03\\\/gdpr-es-a-hackerek-mit-kell-tenned-incidens-utan\\\/\"},\"wordCount\":905,\"publisher\":{\"@id\":\"https:\\\/\\\/www.websupport.hu\\\/blog\\\/#organization\"},\"image\":{\"@id\":\"https:\\\/\\\/www.websupport.hu\\\/blog\\\/2021\\\/03\\\/gdpr-es-a-hackerek-mit-kell-tenned-incidens-utan\\\/#primaryimage\"},\"thumbnailUrl\":\"https:\\\/\\\/www.websupport.hu\\\/blog\\\/app\\\/uploads\\\/sites\\\/3\\\/2021\\\/03\\\/hacknuty-eshopBP.jpeg\",\"keywords\":[\"Adatv\u00e9delem\",\"adatv\u00e9delmi bejelent\u00e9s\",\"gdpr\",\"incidens\",\"naih\",\"webshop\"],\"articleSection\":[\"Fejt\u00e1g\u00edt\u00e1s\"],\"inLanguage\":\"hu\"},{\"@type\":\"WebPage\",\"@id\":\"https:\\\/\\\/www.websupport.hu\\\/blog\\\/2021\\\/03\\\/gdpr-es-a-hackerek-mit-kell-tenned-incidens-utan\\\/\",\"url\":\"https:\\\/\\\/www.websupport.hu\\\/blog\\\/2021\\\/03\\\/gdpr-es-a-hackerek-mit-kell-tenned-incidens-utan\\\/\",\"name\":\"GDPR \u00e9s a hackerek - mit kell tenned incidens ut\u00e1n - Websupport.hu Blog\",\"isPartOf\":{\"@id\":\"https:\\\/\\\/www.websupport.hu\\\/blog\\\/#website\"},\"primaryImageOfPage\":{\"@id\":\"https:\\\/\\\/www.websupport.hu\\\/blog\\\/2021\\\/03\\\/gdpr-es-a-hackerek-mit-kell-tenned-incidens-utan\\\/#primaryimage\"},\"image\":{\"@id\":\"https:\\\/\\\/www.websupport.hu\\\/blog\\\/2021\\\/03\\\/gdpr-es-a-hackerek-mit-kell-tenned-incidens-utan\\\/#primaryimage\"},\"thumbnailUrl\":\"https:\\\/\\\/www.websupport.hu\\\/blog\\\/app\\\/uploads\\\/sites\\\/3\\\/2021\\\/03\\\/hacknuty-eshopBP.jpeg\",\"datePublished\":\"2021-03-18T10:45:09+00:00\",\"dateModified\":\"2025-03-11T20:02:08+00:00\",\"description\":\"Mi az adatv\u00e9delmi incidens \u00e9s mit kell tenned ha bek\u00f6vetkezik? Ebben a cikkben a bejelent\u00e9si k\u00f6telezetts\u00e9gr\u0151l lesz sz\u00f3.\",\"breadcrumb\":{\"@id\":\"https:\\\/\\\/www.websupport.hu\\\/blog\\\/2021\\\/03\\\/gdpr-es-a-hackerek-mit-kell-tenned-incidens-utan\\\/#breadcrumb\"},\"inLanguage\":\"hu\",\"potentialAction\":[{\"@type\":\"ReadAction\",\"target\":[\"https:\\\/\\\/www.websupport.hu\\\/blog\\\/2021\\\/03\\\/gdpr-es-a-hackerek-mit-kell-tenned-incidens-utan\\\/\"]}]},{\"@type\":\"ImageObject\",\"inLanguage\":\"hu\",\"@id\":\"https:\\\/\\\/www.websupport.hu\\\/blog\\\/2021\\\/03\\\/gdpr-es-a-hackerek-mit-kell-tenned-incidens-utan\\\/#primaryimage\",\"url\":\"https:\\\/\\\/www.websupport.hu\\\/blog\\\/app\\\/uploads\\\/sites\\\/3\\\/2021\\\/03\\\/hacknuty-eshopBP.jpeg\",\"contentUrl\":\"https:\\\/\\\/www.websupport.hu\\\/blog\\\/app\\\/uploads\\\/sites\\\/3\\\/2021\\\/03\\\/hacknuty-eshopBP.jpeg\",\"width\":1920,\"height\":1080},{\"@type\":\"BreadcrumbList\",\"@id\":\"https:\\\/\\\/www.websupport.hu\\\/blog\\\/2021\\\/03\\\/gdpr-es-a-hackerek-mit-kell-tenned-incidens-utan\\\/#breadcrumb\",\"itemListElement\":[{\"@type\":\"ListItem\",\"position\":1,\"name\":\"Home\",\"item\":\"https:\\\/\\\/www.websupport.hu\\\/blog\\\/\"},{\"@type\":\"ListItem\",\"position\":2,\"name\":\"GDPR \u00e9s a hackerek &#8211; mit kell tenned incidens ut\u00e1n\"}]},{\"@type\":\"WebSite\",\"@id\":\"https:\\\/\\\/www.websupport.hu\\\/blog\\\/#website\",\"url\":\"https:\\\/\\\/www.websupport.hu\\\/blog\\\/\",\"name\":\"Websupport.hu Blog\",\"description\":\"\",\"publisher\":{\"@id\":\"https:\\\/\\\/www.websupport.hu\\\/blog\\\/#organization\"},\"potentialAction\":[{\"@type\":\"SearchAction\",\"target\":{\"@type\":\"EntryPoint\",\"urlTemplate\":\"https:\\\/\\\/www.websupport.hu\\\/blog\\\/?s={search_term_string}\"},\"query-input\":{\"@type\":\"PropertyValueSpecification\",\"valueRequired\":true,\"valueName\":\"search_term_string\"}}],\"inLanguage\":\"hu\"},{\"@type\":\"Organization\",\"@id\":\"https:\\\/\\\/www.websupport.hu\\\/blog\\\/#organization\",\"name\":\"Websupport.hu Blog\",\"url\":\"https:\\\/\\\/www.websupport.hu\\\/blog\\\/\",\"logo\":{\"@type\":\"ImageObject\",\"inLanguage\":\"hu\",\"@id\":\"https:\\\/\\\/www.websupport.hu\\\/blog\\\/#\\\/schema\\\/logo\\\/image\\\/\",\"url\":\"https:\\\/\\\/www.websupport.hu\\\/blog\\\/app\\\/uploads\\\/sites\\\/3\\\/2021\\\/07\\\/websupport-logo.svg\",\"contentUrl\":\"https:\\\/\\\/www.websupport.hu\\\/blog\\\/app\\\/uploads\\\/sites\\\/3\\\/2021\\\/07\\\/websupport-logo.svg\",\"width\":153,\"height\":48,\"caption\":\"Websupport.hu Blog\"},\"image\":{\"@id\":\"https:\\\/\\\/www.websupport.hu\\\/blog\\\/#\\\/schema\\\/logo\\\/image\\\/\"}},{\"@type\":\"Person\",\"@id\":\"https:\\\/\\\/www.websupport.hu\\\/blog\\\/#\\\/schema\\\/person\\\/825ad87e989519aeaa15f282c1f2fa6d\",\"name\":\"Stan\u010di Markovi\u010dov\u00e1\",\"image\":{\"@type\":\"ImageObject\",\"inLanguage\":\"hu\",\"@id\":\"https:\\\/\\\/secure.gravatar.com\\\/avatar\\\/0ec5bf26e0ba8a93e04aa26f1347d508fdef6bd6d4a79966086d98dff663f3db?s=96&d=mm&r=g\",\"url\":\"https:\\\/\\\/secure.gravatar.com\\\/avatar\\\/0ec5bf26e0ba8a93e04aa26f1347d508fdef6bd6d4a79966086d98dff663f3db?s=96&d=mm&r=g\",\"contentUrl\":\"https:\\\/\\\/secure.gravatar.com\\\/avatar\\\/0ec5bf26e0ba8a93e04aa26f1347d508fdef6bd6d4a79966086d98dff663f3db?s=96&d=mm&r=g\",\"caption\":\"Stan\u010di Markovi\u010dov\u00e1\"},\"url\":\"https:\\\/\\\/www.websupport.hu\\\/blog\\\/author\\\/stanislava-markovicova\\\/\"}]}<\/script>\n<!-- \/ Yoast SEO plugin. -->","yoast_head_json":{"title":"GDPR \u00e9s a hackerek - mit kell tenned incidens ut\u00e1n - Websupport.hu Blog","description":"Mi az adatv\u00e9delmi incidens \u00e9s mit kell tenned ha bek\u00f6vetkezik? Ebben a cikkben a bejelent\u00e9si k\u00f6telezetts\u00e9gr\u0151l lesz sz\u00f3.","robots":{"index":"index","follow":"follow","max-snippet":"max-snippet:-1","max-image-preview":"max-image-preview:large","max-video-preview":"max-video-preview:-1"},"canonical":"https:\/\/www.websupport.hu\/blog\/2021\/03\/gdpr-es-a-hackerek-mit-kell-tenned-incidens-utan\/","og_locale":"hu_HU","og_type":"article","og_title":"GDPR \u00e9s a hackerek - mit kell tenned incidens ut\u00e1n - Websupport.hu Blog","og_description":"Mi az adatv\u00e9delmi incidens \u00e9s mit kell tenned ha bek\u00f6vetkezik? Ebben a cikkben a bejelent\u00e9si k\u00f6telezetts\u00e9gr\u0151l lesz sz\u00f3.","og_url":"https:\/\/www.websupport.hu\/blog\/2021\/03\/gdpr-es-a-hackerek-mit-kell-tenned-incidens-utan\/","og_site_name":"Websupport.hu Blog","article_published_time":"2021-03-18T10:45:09+00:00","article_modified_time":"2025-03-11T20:02:08+00:00","og_image":[{"width":1920,"height":1080,"url":"https:\/\/www.websupport.hu\/blog\/app\/uploads\/sites\/3\/2021\/03\/hacknuty-eshopBP.jpeg","type":"image\/jpeg"}],"author":"Stan\u010di Markovi\u010dov\u00e1","twitter_card":"summary_large_image","twitter_misc":{"Written by":"Stan\u010di Markovi\u010dov\u00e1","Est. reading time":"3 perc"},"schema":{"@context":"https:\/\/schema.org","@graph":[{"@type":"Article","@id":"https:\/\/www.websupport.hu\/blog\/2021\/03\/gdpr-es-a-hackerek-mit-kell-tenned-incidens-utan\/#article","isPartOf":{"@id":"https:\/\/www.websupport.hu\/blog\/2021\/03\/gdpr-es-a-hackerek-mit-kell-tenned-incidens-utan\/"},"author":{"name":"Stan\u010di Markovi\u010dov\u00e1","@id":"https:\/\/www.websupport.hu\/blog\/#\/schema\/person\/825ad87e989519aeaa15f282c1f2fa6d"},"headline":"GDPR \u00e9s a hackerek &#8211; mit kell tenned incidens ut\u00e1n","datePublished":"2021-03-18T10:45:09+00:00","dateModified":"2025-03-11T20:02:08+00:00","mainEntityOfPage":{"@id":"https:\/\/www.websupport.hu\/blog\/2021\/03\/gdpr-es-a-hackerek-mit-kell-tenned-incidens-utan\/"},"wordCount":905,"publisher":{"@id":"https:\/\/www.websupport.hu\/blog\/#organization"},"image":{"@id":"https:\/\/www.websupport.hu\/blog\/2021\/03\/gdpr-es-a-hackerek-mit-kell-tenned-incidens-utan\/#primaryimage"},"thumbnailUrl":"https:\/\/www.websupport.hu\/blog\/app\/uploads\/sites\/3\/2021\/03\/hacknuty-eshopBP.jpeg","keywords":["Adatv\u00e9delem","adatv\u00e9delmi bejelent\u00e9s","gdpr","incidens","naih","webshop"],"articleSection":["Fejt\u00e1g\u00edt\u00e1s"],"inLanguage":"hu"},{"@type":"WebPage","@id":"https:\/\/www.websupport.hu\/blog\/2021\/03\/gdpr-es-a-hackerek-mit-kell-tenned-incidens-utan\/","url":"https:\/\/www.websupport.hu\/blog\/2021\/03\/gdpr-es-a-hackerek-mit-kell-tenned-incidens-utan\/","name":"GDPR \u00e9s a hackerek - mit kell tenned incidens ut\u00e1n - Websupport.hu Blog","isPartOf":{"@id":"https:\/\/www.websupport.hu\/blog\/#website"},"primaryImageOfPage":{"@id":"https:\/\/www.websupport.hu\/blog\/2021\/03\/gdpr-es-a-hackerek-mit-kell-tenned-incidens-utan\/#primaryimage"},"image":{"@id":"https:\/\/www.websupport.hu\/blog\/2021\/03\/gdpr-es-a-hackerek-mit-kell-tenned-incidens-utan\/#primaryimage"},"thumbnailUrl":"https:\/\/www.websupport.hu\/blog\/app\/uploads\/sites\/3\/2021\/03\/hacknuty-eshopBP.jpeg","datePublished":"2021-03-18T10:45:09+00:00","dateModified":"2025-03-11T20:02:08+00:00","description":"Mi az adatv\u00e9delmi incidens \u00e9s mit kell tenned ha bek\u00f6vetkezik? Ebben a cikkben a bejelent\u00e9si k\u00f6telezetts\u00e9gr\u0151l lesz sz\u00f3.","breadcrumb":{"@id":"https:\/\/www.websupport.hu\/blog\/2021\/03\/gdpr-es-a-hackerek-mit-kell-tenned-incidens-utan\/#breadcrumb"},"inLanguage":"hu","potentialAction":[{"@type":"ReadAction","target":["https:\/\/www.websupport.hu\/blog\/2021\/03\/gdpr-es-a-hackerek-mit-kell-tenned-incidens-utan\/"]}]},{"@type":"ImageObject","inLanguage":"hu","@id":"https:\/\/www.websupport.hu\/blog\/2021\/03\/gdpr-es-a-hackerek-mit-kell-tenned-incidens-utan\/#primaryimage","url":"https:\/\/www.websupport.hu\/blog\/app\/uploads\/sites\/3\/2021\/03\/hacknuty-eshopBP.jpeg","contentUrl":"https:\/\/www.websupport.hu\/blog\/app\/uploads\/sites\/3\/2021\/03\/hacknuty-eshopBP.jpeg","width":1920,"height":1080},{"@type":"BreadcrumbList","@id":"https:\/\/www.websupport.hu\/blog\/2021\/03\/gdpr-es-a-hackerek-mit-kell-tenned-incidens-utan\/#breadcrumb","itemListElement":[{"@type":"ListItem","position":1,"name":"Home","item":"https:\/\/www.websupport.hu\/blog\/"},{"@type":"ListItem","position":2,"name":"GDPR \u00e9s a hackerek &#8211; mit kell tenned incidens ut\u00e1n"}]},{"@type":"WebSite","@id":"https:\/\/www.websupport.hu\/blog\/#website","url":"https:\/\/www.websupport.hu\/blog\/","name":"Websupport.hu Blog","description":"","publisher":{"@id":"https:\/\/www.websupport.hu\/blog\/#organization"},"potentialAction":[{"@type":"SearchAction","target":{"@type":"EntryPoint","urlTemplate":"https:\/\/www.websupport.hu\/blog\/?s={search_term_string}"},"query-input":{"@type":"PropertyValueSpecification","valueRequired":true,"valueName":"search_term_string"}}],"inLanguage":"hu"},{"@type":"Organization","@id":"https:\/\/www.websupport.hu\/blog\/#organization","name":"Websupport.hu Blog","url":"https:\/\/www.websupport.hu\/blog\/","logo":{"@type":"ImageObject","inLanguage":"hu","@id":"https:\/\/www.websupport.hu\/blog\/#\/schema\/logo\/image\/","url":"https:\/\/www.websupport.hu\/blog\/app\/uploads\/sites\/3\/2021\/07\/websupport-logo.svg","contentUrl":"https:\/\/www.websupport.hu\/blog\/app\/uploads\/sites\/3\/2021\/07\/websupport-logo.svg","width":153,"height":48,"caption":"Websupport.hu Blog"},"image":{"@id":"https:\/\/www.websupport.hu\/blog\/#\/schema\/logo\/image\/"}},{"@type":"Person","@id":"https:\/\/www.websupport.hu\/blog\/#\/schema\/person\/825ad87e989519aeaa15f282c1f2fa6d","name":"Stan\u010di Markovi\u010dov\u00e1","image":{"@type":"ImageObject","inLanguage":"hu","@id":"https:\/\/secure.gravatar.com\/avatar\/0ec5bf26e0ba8a93e04aa26f1347d508fdef6bd6d4a79966086d98dff663f3db?s=96&d=mm&r=g","url":"https:\/\/secure.gravatar.com\/avatar\/0ec5bf26e0ba8a93e04aa26f1347d508fdef6bd6d4a79966086d98dff663f3db?s=96&d=mm&r=g","contentUrl":"https:\/\/secure.gravatar.com\/avatar\/0ec5bf26e0ba8a93e04aa26f1347d508fdef6bd6d4a79966086d98dff663f3db?s=96&d=mm&r=g","caption":"Stan\u010di Markovi\u010dov\u00e1"},"url":"https:\/\/www.websupport.hu\/blog\/author\/stanislava-markovicova\/"}]}},"_links":{"self":[{"href":"https:\/\/www.websupport.hu\/blog\/wp-json\/wp\/v2\/posts\/7622","targetHints":{"allow":["GET"]}}],"collection":[{"href":"https:\/\/www.websupport.hu\/blog\/wp-json\/wp\/v2\/posts"}],"about":[{"href":"https:\/\/www.websupport.hu\/blog\/wp-json\/wp\/v2\/types\/post"}],"author":[{"embeddable":true,"href":"https:\/\/www.websupport.hu\/blog\/wp-json\/wp\/v2\/users\/78"}],"replies":[{"embeddable":true,"href":"https:\/\/www.websupport.hu\/blog\/wp-json\/wp\/v2\/comments?post=7622"}],"version-history":[{"count":5,"href":"https:\/\/www.websupport.hu\/blog\/wp-json\/wp\/v2\/posts\/7622\/revisions"}],"predecessor-version":[{"id":7643,"href":"https:\/\/www.websupport.hu\/blog\/wp-json\/wp\/v2\/posts\/7622\/revisions\/7643"}],"wp:featuredmedia":[{"embeddable":true,"href":"https:\/\/www.websupport.hu\/blog\/wp-json\/wp\/v2\/media\/7628"}],"wp:attachment":[{"href":"https:\/\/www.websupport.hu\/blog\/wp-json\/wp\/v2\/media?parent=7622"}],"wp:term":[{"taxonomy":"category","embeddable":true,"href":"https:\/\/www.websupport.hu\/blog\/wp-json\/wp\/v2\/categories?post=7622"},{"taxonomy":"post_tag","embeddable":true,"href":"https:\/\/www.websupport.hu\/blog\/wp-json\/wp\/v2\/tags?post=7622"}],"curies":[{"name":"wp","href":"https:\/\/api.w.org\/{rel}","templated":true}]}}