{"id":7696,"date":"2021-06-14T16:35:12","date_gmt":"2021-06-14T15:35:12","guid":{"rendered":"https:\/\/www.websupport.hu\/blog\/?p=7696"},"modified":"2025-03-11T21:02:08","modified_gmt":"2025-03-11T20:02:08","slug":"wordpress-bovitmenyek","status":"publish","type":"post","link":"https:\/\/www.websupport.hu\/blog\/2021\/06\/wordpress-bovitmenyek\/","title":{"rendered":"Mire figyelj\u00fcnk amikor megb\u00edzhat\u00f3 WordPress b\u0151v\u00edtm\u00e9nyeket keres\u00fcnk?"},"content":{"rendered":"\n<p>Amikor aut\u00f3t vesz\u00fcnk, el kell d\u00f6nten\u00fcnk, hogy az alapfelszerelts\u00e9g kiel\u00e9g\u00edti-e ig\u00e9ny\u00fcnket, vagy sz\u00fcks\u00e9g\u00fcnk lesz n\u00e9h\u00e1ny extr\u00e1ra, tolat\u00f3radarra, fed\u00e9lzeti kamer\u00e1ra vagy riaszt\u00f3ra. Egy WP weboldal k\u00e9sz\u00edt\u00e9sekor is mer\u00fclhetnek fel ehhez hasonl\u00f3 dilemm\u00e1k, mivel a sablon biztos\u00edt bizonyos fok\u00fa funkcionalit\u00e1st, de ezt ig\u00e9ny szerint \u00e9rdemes b\u0151v\u00edteni.<\/p>\n\n\n\n<p>K\u00e9pzelj\u00fck el, hogy egy Kapcsolat oldalt szeretn\u00e9nk, ahol alapvet\u0151 inform\u00e1ci\u00f3kat jelen\u00edt\u00fcnk meg: n\u00e9v, c\u00e9gn\u00e9v, telefonsz\u00e1m, c\u00edm, t\u00e9rk\u00e9p, illetve egy email k\u00fcld\u0151 kapcsolati \u0171rlapot is elhelyez\u00fcnk. L\u00e9teznek le\u00edr\u00e1sok a sz\u00f6veges \u00e9s k\u00e9pes tartalmak besz\u00far\u00e1s\u00e1r\u00f3l, de egy m\u0171k\u00f6d\u0151, email k\u00fcld\u00e9sre alkalmas kapcsolati \u0171rlapr\u00f3l csak \u00e1lmodhatunk. Itt j\u00f6nnek a k\u00e9pbe a b\u0151v\u00edtm\u00e9nyek. F\u0151k\u00e9pp, ha bonyolult, <strong>programoz\u00e1si ismeretekt\u0151l mentesen szeretn\u00e9nk megoldani.<\/strong><\/p>\n\n\n\n<p>A WordPresshez b\u0151v\u00edtm\u00e9nyeket (fizet\u0151s \u00e9s ingyenes) <a href=\"https:\/\/hu.wordpress.org\/plugins\/\">a hivatalos WordPress b\u0151v\u00edtm\u00e9nyt\u00e1rban<\/a> vagy a weboldalunk adminisztr\u00e1ci\u00f3s fel\u00fclet\u00e9n kereszt\u00fcl kereshet\u00fcnk (a bal oldali men\u00fc s\u00e1vban a (<em>B\u0151v\u00edtm\u00e9nyek<\/em> &gt; <em>\u00daj hozz\u00e1ad\u00e1sa<\/em> men\u00fcpont).<\/p>\n\n\n\n<figure class=\"wp-block-image\"><img decoding=\"async\" src=\"https:\/\/lh5.googleusercontent.com\/xQODQ-TEuNCGBGOvVhudrcfNPXi8IuvV8OCjqIS_sraxLDxjhe5UyKGgzjt8C9KowLrDpKwP7o9vnbuFXAD1MtvlHZuZJKZpdeRC1LOdBekSW4dbTTwn6HeIR6d-TOk-8VBEIEjB\" alt=\"\"\/><\/figure>\n\n\n\n<p><strong>\u00daj b\u0151v\u00edtm\u00e9ny telep\u00edt\u00e9se<\/strong><\/p>\n\n\n\n<p>A b\u0151v\u00edtm\u00e9nyek egy r\u00e9sze vizu\u00e1lis elemekkel b\u0151v\u00edti a weboldalt (pl. \u0171rlapokkal, k\u00f6z\u00f6ss\u00e9gi megoszt\u00e1si gombokkal, felugr\u00f3 ablakokkal, stb.) vagy a weboldal h\u00e1tt\u00e9rfunkci\u00f3it b\u0151v\u00edti (pl. behatol\u00e1si k\u00eds\u00e9rletek elleni v\u00e9delem, spamsz\u0171r\u00e9s, bet\u00f6lt\u00e9si id\u0151 optimaliz\u00e1l\u00e1s, k\u00e9pm\u00e9ret optimaliz\u00e1l\u00e1s, l\u00e1togat\u00f3i statisztika\/viselked\u00e9s, h\u00edrlev\u00e9lk\u00fcld\u00e9s, keres\u0151optimaliz\u00e1l\u00e1s, stb.).<\/p>\n\n\n\n<figure class=\"wp-block-image\"><img decoding=\"async\" src=\"https:\/\/lh4.googleusercontent.com\/Q30s1xiJSJ4HU6khx8Zop_DVmpS_iB9hUDKZpQZgHfKz4CIPfXrf2Bb-k7lNdZpu1MN_AnSDHAnxcDBWptOawX5-g3SHZKbLFabr6YLcuVYZMQaqO6gOEfmog-Z4jR3qi6vjNbyo\" alt=\"\"\/><\/figure>\n\n\n\n<p>B\u0151v\u00edtm\u00e9nyek b\u00f6ng\u00e9sz\u00e9se<\/p>\n\n\n\n<h2 class=\"wp-block-heading\"><strong>Mire figyelj\u00fcnk a b\u0151v\u00edtm\u00e9nyek kiv\u00e1laszt\u00e1sakor?<\/strong><\/h2>\n\n\n\n<p>T\u00f6bb b\u0151v\u00edtm\u00e9ny is l\u00e9tezik, ami ugyanazt a funkci\u00f3t k\u00e9pes biztos\u00edtani a weboldalunk sz\u00e1m\u00e1ra. Ad\u00f3dik a k\u00e9rd\u00e9s: hogyan v\u00e1lasszuk ki a legjobbat a WordPress oldalunkhoz? Ebben az al\u00e1bbi szempontok tudnak seg\u00edteni.<\/p>\n\n\n\n<figure class=\"wp-block-image\"><img decoding=\"async\" src=\"https:\/\/lh4.googleusercontent.com\/vAv7hUS7etggpJ_K_hgSwmNe_xCLMy6AVJe8f-R-JfxibvZgzjD8YU1JsmrBZZ8aLFGhmRfUFpmsHzwzytoc8y7uWVVBCX36BPzcpKf4faCEfSYSPB4w9H_KlTPgmoxvb5YJKeEz\" alt=\"\"\/><\/figure>\n\n\n\n<p>B\u0151v\u00edtm\u00e9ny inform\u00e1ci\u00f3k<\/p>\n\n\n\n<ul class=\"wp-block-list\"><li><strong>Legut\u00f3bb friss\u00edtve<\/strong> &#8211; Ez az inform\u00e1ci\u00f3 jelzi, hogy a b\u0151v\u00edtm\u00e9ny k\u00e9sz\u00edt\u0151je mikor jav\u00edtotta\/m\u00f3dos\u00edtotta a b\u0151v\u00edtm\u00e9ny k\u00f3dj\u00e1t (kompatibilit\u00e1s \u00faj WordPress verzi\u00f3val), \u00e9rdemes ker\u00fclni az \u00e9vek \u00f3ta \u201cporosod\u00f3\u201d b\u0151v\u00edtm\u00e9nyeket (inkompatibilit\u00e1s vagy egy\u00e9b m\u0171k\u00f6d\u00e9si probl\u00e9m\u00e1t hordozhatnak magukban).&nbsp;<\/li><li><strong>Akt\u00edv telep\u00edt\u00e9sek<\/strong> &#8211; Nagys\u00e1grendben jelzi a b\u0151v\u00edtm\u00e9nyt akt\u00edvan haszn\u00e1l\u00f3 weboldalak sz\u00e1m\u00e1t. A magasabb let\u00f6lt\u00e9si sz\u00e1m jelzi a b\u0151v\u00edtm\u00e9ny n\u00e9pszer\u0171s\u00e9g\u00e9t, de ha egy b\u0151v\u00edtm\u00e9nyt m\u00e9g csak kevesen haszn\u00e1lnak, att\u00f3l m\u00e9g ugyan\u00fagy hasznos lehet sz\u00e1munkra.&nbsp;<\/li><li><strong>WordPress verzi\u00f3<\/strong> &#8211; A k\u00e9sz\u00edt\u0151 \u00e1ltal jelzett WordPress verzi\u00f3val val\u00f3 kompatibilit\u00e1s. Ellen\u0151rizz\u00fck, hogy az \u00e1ltalunk haszn\u00e1lt verzi\u00f3val tesztelt\u00e9k-e a b\u0151v\u00edtm\u00e9ny m\u0171k\u00f6d\u00e9s\u00e9t.<\/li><li><strong>\u00c9rt\u00e9kel\u00e9sek<\/strong> &#8211; Min\u00e9l t\u00f6bb csillaggal \u00e9s \u00e9rt\u00e9kel\u00e9ssel b\u00edr a b\u0151v\u00edtm\u00e9ny, ann\u00e1l el\u00e9gedettebbek vele a felhaszn\u00e1l\u00f3k. \u00c9rdemes elolvasni n\u00e9h\u00e1ny \u00e9rt\u00e9kel\u00e9st.&nbsp;<\/li><li><strong>T\u00e1mogat\u00e1s<\/strong> &#8211; A b\u0151v\u00edtm\u00e9ny haszn\u00e1lat\u00e1val \u00e9s m\u0171k\u00f6d\u00e9s\u00e9vel kapcsolatban felmer\u00fcl\u0151 k\u00e9rd\u00e9seket a felhaszn\u00e1l\u00f3k egy f\u00f3rumban tehetik fel, amire a k\u00e9sz\u00edt\u0151 \u00e9s a k\u00f6z\u00f6ss\u00e9g t\u00f6bbi tagja tud v\u00e1laszolni. A nyitott \u00e9s megv\u00e1laszolt t\u00e9m\u00e1k sz\u00e1ma jelzi, hogy milyen gyakran akad probl\u00e9m\u00e1ja a felhaszn\u00e1l\u00f3knak ezzel a b\u0151v\u00edtm\u00e9nnyel, illetve megmutatja a b\u0151v\u00edtm\u00e9ny k\u00e9sz\u00edt\u0151j\u00e9nek aktivit\u00e1s\u00e1t is, hogy milyen gyorsan \u00e9s hat\u00e9konyan v\u00e1laszol a feltett k\u00e9rd\u00e9sekre.<strong>&nbsp;<\/strong><\/li><\/ul>\n\n\n\n<p>A b\u0151v\u00edtm\u00e9ny legut\u00f3bbi friss\u00edt\u00e9se \u00f3ta eltelt id\u0151t, a telep\u00edt\u00e9sek nagys\u00e1grendj\u00e9t, a WordPress verzi\u00f3nkkal val\u00f3 kompatibilit\u00e1st \u00e9s az \u00e9rt\u00e9kel\u00e9sek \u00e1tlag pontsz\u00e1m\u00e1t nem csak a WordPress.org oldalon, hanem az adminisztr\u00e1ci\u00f3s fel\u00fcleten is l\u00e1thatjuk.<\/p>\n\n\n\n<figure class=\"wp-block-image\"><img decoding=\"async\" src=\"https:\/\/lh5.googleusercontent.com\/LYopcFzQHHtlWkfV2UxdpVDkesURSd6vjhzjMzWuFYbxP_i1qqbHlFwfGEU7S5hKNLe7yr-47-sZoJfwhF4QYB42J2R5k6k-fakwSO_yILnh39mlgaE2wxWaa5fOAq8d9pRvfjo5\" alt=\"\"\/><\/figure>\n\n\n\n<p>B\u0151v\u00edtm\u00e9ny \u00e9rt\u00e9kel\u00e9s \u00e9s inform\u00e1ci\u00f3k<\/p>\n\n\n\n<h2 class=\"wp-block-heading\"><strong>Hogyan haszn\u00e1ljuk a WordPress b\u0151v\u00edtm\u00e9nyt?<\/strong><\/h2>\n\n\n\n<p>Egy b\u0151v\u00edtm\u00e9ny be\u00e1ll\u00edt\u00e1sa k\u00e9t l\u00e9p\u00e9sb\u0151l \u00e1ll. El\u0151sz\u00f6r telep\u00edteni \u00e9s aktiv\u00e1lni kell, hogy a k\u00edn\u00e1lt funkci\u00f3k el\u00e9rhet\u0151ek legyenek a weboldalon (a m\u0171k\u00f6d\u00e9s felt\u00e9teleit a b\u0151v\u00edtm\u00e9ny Be\u00e1ll\u00edt\u00e1sok oldal\u00e1n m\u00f3dos\u00edthatjuk).&nbsp;<\/p>\n\n\n\n<p>A b\u0151v\u00edtm\u00e9ny telep\u00edt\u00e9se egyszer\u0171, ezt az UpdraftPlus b\u0151v\u00edtm\u00e9ny telep\u00edt\u00e9s\u00e9vel mutatjuk be, ezzel az eszk\u00f6zzel biztons\u00e1gi ment\u00e9sek k\u00e9sz\u00edthet\u0151ek a weboldalunkr\u00f3l an\u00e9lk\u00fcl, hogy elhagyn\u00e1nk a WordPress admin fel\u00fclet\u00e9t. Mint t\u00e1rhelyszolg\u00e1ltat\u00f3, a WebSupport alapesetben 14 napra visszamen\u0151leg ment\u00e9seket t\u00e1rol weboldalainkr\u00f3l, ugyanakkor el\u0151fordulhat olyan szitu\u00e1ci\u00f3, amikor kifizet\u0151d\u0151 saj\u00e1t biztons\u00e1gi ment\u00e9st k\u00e9sz\u00edteni (pl. sablon cser\u00e9j\u00e9t, WordPress f\u0151 verzi\u00f3 friss\u00edt\u00e9st, vagy a weboldal tartalm\u00e1nak sz\u00e9lesk\u00f6r\u0171 m\u00f3dos\u00edt\u00e1s\u00e1t megel\u0151z\u0151en).<\/p>\n\n\n\n<p><strong>1. B\u0151v\u00edtm\u00e9ny &#8211; telep\u00edt\u00e9s \u00e9s bekapcsol\u00e1s<\/strong>&nbsp;<\/p>\n\n\n\n<p>L\u00e1ssunk hozz\u00e1. A weboldalunk adminisztr\u00e1ci\u00f3s fel\u00fclet\u00e9n kattintsunk a <em>B\u0151v\u00edtm\u00e9nyek<\/em> men\u00fcpontra, majd az oldal tetej\u00e9n megjelen\u0151 <em>\u00daj hozz\u00e1ad\u00e1sa<\/em> gombra. A jobb fels\u0151 sarokban l\u00e9v\u0151 keres\u0151s\u00e1vba \u00edrjuk be az <em>UpdraftPlus<\/em> b\u0151v\u00edtm\u00e9ny nev\u00e9t, majd kattintsunk a <em>Telep\u00edt\u00e9s<\/em> gombra.<\/p>\n\n\n\n<p><img decoding=\"async\" width=\"642.8008752735229\" height=\"204\" src=\"https:\/\/lh6.googleusercontent.com\/Fbj7JuDoSCTjz8e-PqAIEpsiy7hUzeiMC7G76q7nvaB852yMNI3djwdGzZMKgQui6-qM6UyT1pcLQ4-jgkcPVajKudDVEEkWIREUpS6nCw3DOg8HbrdNBJqujGr4NThkk4lsITOK\">Plugin telep\u00edt\u00e9se<\/p>\n\n\n\n<p>Majd kattintsunk az <em>Bekapcsol\u00e1s <\/em>gombra.<\/p>\n\n\n\n<p><img decoding=\"async\" src=\"https:\/\/lh5.googleusercontent.com\/dVuy7gDLlSjlguNfdTgP0PlrFKwE20Y0ccJGHvInqAWS3kXEYP0qFe2cz-j2_4EoievhdtE9lle4WWzoIjERautYnHKG50L99F4ecQ6VDPZg5YjuOR4tadzP1V3d312slXMox0OD\" width=\"667.3377483443708\" height=\"251\">B\u0151v\u00edtm\u00e9ny bekapcsol\u00e1sa<\/p>\n\n\n\n<p><strong>2. B\u0151v\u00edtm\u00e9ny &#8211; be\u00e1ll\u00edt\u00e1sok m\u00f3dos\u00edt\u00e1sa<\/strong><\/p>\n\n\n\n<p>A b\u0151v\u00edtm\u00e9ny telep\u00edt\u00e9se \u00e9s bekapcsol\u00e1sa ut\u00e1n f\u00e9r\u00fcnk hozz\u00e1 a be\u00e1ll\u00edt\u00e1sokhoz, kattintsunk a Be\u00e1ll\u00edt\u00e1sok linkre.<\/p>\n\n\n\n<p><img decoding=\"async\" src=\"https:\/\/lh4.googleusercontent.com\/NCsuOdZKChWy8zSAwVU1C-p3Ha2npVvEIwnm-zgMsrJEeJm66wCkVSffXArpt-elt7qDymWP4oXf22TiHis2RbhdV8y2O-SLooR6ariGwvzNXwP6L9MSbJ_2VjIgYIQJsHJotKKa\" width=\"624\" height=\"125.79047619047617\">B\u0151v\u00edtm\u00e9ny be\u00e1ll\u00edt\u00e1sok<\/p>\n\n\n\n<p>A legt\u00f6bb b\u0151v\u00edtm\u00e9ny saj\u00e1t be\u00e1ll\u00edt\u00e1sokkal rendelkezik. Enn\u00e9l a b\u0151v\u00edtm\u00e9nyn\u00e9l a ment\u00e9s m\u00f3dj\u00e1t manu\u00e1lisr\u00f3l automatikusra fogjuk v\u00e1ltani (hetente \u00faj ment\u00e9s fog k\u00e9sz\u00fclni). A ment\u00e9si gyakoris\u00e1g a weboldalon v\u00e9gzett m\u00f3dos\u00edt\u00e1sok s\u0171r\u0171s\u00e9g\u00e9t\u0151l f\u00fcgg. P\u00e9ld\u00e1ul egy blog oldal eset\u00e9n, amire ak\u00e1r naponta ker\u00fcl fel \u00faj bejegyz\u00e9s, \u00e9rdemes naponta ment\u00e9st k\u00e9sz\u00edteni.&nbsp;<\/p>\n\n\n\n<p>Az id\u0151z\u00edtett biztons\u00e1gi ment\u00e9sek sz\u00e1m\u00e1val szab\u00e1lyozhat\u00f3, hogy mennyi ment\u00e9st tartson meg a rendszer. Az alap\u00e9rtelmezett 2 db ment\u00e9s elegend\u0151 a legt\u00f6bb esetben, \u00e9s nem foglal el feleslegesen sok t\u00e1rter\u00fcletet. A legut\u00f3bbi k\u00e9t ment\u00e9s mindig el\u00e9rhet\u0151 lesz, a kor\u00e1bbiak pedig automatikusan t\u00f6rl\u00e9sre ker\u00fclnek.<\/p>\n\n\n\n<p><img decoding=\"async\" src=\"https:\/\/lh6.googleusercontent.com\/WlRCcyZ9anzkYQrh5nWRcgD4udq5VFb3fKjQ5q8MUJ8o4wjB4k8jlpCXJgN0RISQ8FWL_rG0CrQirGMiM9bdJa5uDqwarT8cZoWC1as9JGUoF2uIPF-Bk9dfn7jvQMYngnnq7MBX\" width=\"624\" height=\"126.82438515850828\">R\u00e9szletes b\u0151v\u00edtm\u00e9ny be\u00e1ll\u00edt\u00e1sok<\/p>\n\n\n\n<p>Ha m\u00e1r be\u00e1ll\u00edtottuk a ment\u00e9sek gyakoris\u00e1g\u00e1t, ellen\u0151rizz\u00fck, hogy mi is ker\u00fcl ment\u00e9sre. Javasoljuk, hogy minden tartalomra terjedjen ki: b\u0151v\u00edtm\u00e9nyek, sablonok \u00e9s felt\u00f6lt\u00f6tt f\u00e1jlok, \u00edgy a teljes weboldal helyre\u00e1ll\u00edthat\u00f3 sz\u00fcks\u00e9g eset\u00e9n. Ments\u00fck el a m\u00f3dos\u00edt\u00e1sokat.<\/p>\n\n\n\n<figure class=\"wp-block-image\"><img decoding=\"async\" src=\"https:\/\/lh4.googleusercontent.com\/8QMvrb--O9_G8_sMQxy7CF_DaVQ_Ka0jo_2iGBh_hyITmlNf0n4Vb5BjBu8k3qixaHBZebcO_0HcHOIpXDC1C1QY52wfLfXvnMdoyoS9ZERaOaZt8AkHkVopumH7XZ5w6cmuCscm\" alt=\"\"\/><\/figure>\n\n\n\n<p>R\u00e9szletes b\u0151v\u00edtm\u00e9ny be\u00e1ll\u00edt\u00e1sok<\/p>\n\n\n\n<h2 class=\"wp-block-heading\">WordPress b\u0151v\u00edtm\u00e9ny javaslatok<\/h2>\n\n\n\n<p>A <strong>WordPress t\u00e1rhely megrendel\u00e9sekor egy alapvet\u0151 b\u0151v\u00edtm\u00e9ny csomagot is kapunk<\/strong>, a szolg\u00e1ltat\u00e1s megrendel\u00e9s\u00e9t k\u00f6vet\u0151en n\u00e9h\u00e1ny hasznos b\u0151v\u00edtm\u00e9ny fogad minket az \u00faj WordPress oldalunk admin fel\u00fclet\u00e9n.<\/p>\n\n\n\n<ul class=\"wp-block-list\"><li><a href=\"https:\/\/translate.google.com\/website?sl=auto&amp;tl=en&amp;ajax=1&amp;u=https:\/\/sk.wordpress.org\/plugins\/block-bad-queries\/\"><strong>BBQ Firewall<\/strong><\/a>: megv\u00e9di a weboldalunkat sz\u00e1mos fenyeget\u00e9st\u0151l, p\u00e9ld\u00e1ul k\u00e1rt\u00e9kony k\u00f3dok felt\u00f6lt\u00e9s\u00e9t\u0151l.<\/li><li><a href=\"https:\/\/translate.google.com\/website?sl=auto&amp;tl=en&amp;ajax=1&amp;u=https:\/\/sk.wordpress.org\/plugins\/ewww-image-optimizer\/\"><strong>EWWW Image Optimizer<\/strong><\/a>: optimaliz\u00e1lja a felt\u00f6lt\u00f6tt k\u00e9pek m\u00e9ret\u00e9t a k\u00e9pmin\u0151s\u00e9g roml\u00e1sa n\u00e9lk\u00fcl, \u00edgy gyorsabban t\u00f6lt\u0151dik be a weboldal. Nem csak az \u00fajonnan felt\u00f6lt\u00f6tt k\u00e9peket optimaliz\u00e1lja, a m\u00e1r kor\u00e1bban felt\u00f6lt\u00f6tteket is.<\/li><li><a href=\"https:\/\/translate.google.com\/website?sl=auto&amp;tl=en&amp;ajax=1&amp;u=https:\/\/sk.wordpress.org\/plugins\/google-analytics-for-wordpress\/\"><strong>Google Analytics for WordPress<\/strong><\/a>: \u00f6sszek\u00f6ti a weboldalunkat a Google Analytics szolg\u00e1ltat\u00e1ssal, ami lehet\u0151v\u00e9 teszi, hogy a weboldal l\u00e1togat\u00e1si adatait gy\u0171jts\u00fck \u00e9s ki\u00e9rt\u00e9kelj\u00fck (pl. honnan \u00e9rkeznek a l\u00e1togat\u00f3k, milyen oldalakat tekintenek meg, milyen interakci\u00f3kat v\u00e9geznek: \u0171rlap kit\u00f6lt\u00e9s, v\u00e1s\u00e1rl\u00e1s, aj\u00e1nlatk\u00e9r\u00e9s, stb).<\/li><li><a href=\"https:\/\/translate.google.com\/website?sl=auto&amp;tl=en&amp;ajax=1&amp;u=https:\/\/sk.wordpress.org\/plugins\/w3-total-cache\/\"><strong>W3 Total Cache<\/strong><\/a>: gyors\u00edt\u00f3t\u00e1r b\u0151v\u00edtm\u00e9ny, cs\u00f6kkenti a weboldalunk bet\u00f6lt\u00e9si idej\u00e9t.<\/li><li><a href=\"https:\/\/translate.google.com\/website?sl=auto&amp;tl=en&amp;ajax=1&amp;u=https:\/\/sk.wordpress.org\/plugins\/wordfence\/\"><strong>Wordfence Security<\/strong><\/a>: v\u00e9d a weboldalunkat \u00e9r\u0151 k\u00fcl\u00f6nf\u00e9le t\u00e1mad\u00e1sokt\u00f3l, p\u00e9ld\u00e1ul jelsz\u00f3-felt\u00f6r\u00e9si k\u00eds\u00e9rletekt\u0151l. H\u00e1rom sikertelen pr\u00f3b\u00e1lkoz\u00e1st k\u00f6vet\u0151en a b\u0151v\u00edtm\u00e9ny kitiltja a t\u00e1mad\u00f3kat.<\/li><li><a href=\"https:\/\/translate.google.com\/website?sl=auto&amp;tl=en&amp;ajax=1&amp;u=https:\/\/sk.wordpress.org\/plugins\/wordpress-seo\/\"><strong>Yoast SEO<\/strong><\/a>: a keres\u0151optimaliz\u00e1l\u00e1sban (SEO) seg\u00edt, hasznos javaslatokat ad a tartalmak keres\u0151bar\u00e1tt\u00e1 t\u00e9tel\u00e9ben (c\u00edm, meta le\u00edr\u00e1s, k\u00f6z\u00f6ss\u00e9gi m\u00e9dia megjelen\u00e9s, stb).<\/li><\/ul>\n\n\n\n<p><\/p>\n","protected":false},"excerpt":{"rendered":"<p>Amikor aut\u00f3t vesz\u00fcnk, el kell d\u00f6nten\u00fcnk, hogy az alapfelszerelts\u00e9g kiel\u00e9g\u00edti-e ig\u00e9ny\u00fcnket, vagy sz\u00fcks\u00e9g\u00fcnk lesz n\u00e9h\u00e1ny extr\u00e1ra, tolat\u00f3radarra, fed\u00e9lzeti kamer\u00e1ra vagy riaszt\u00f3ra. Egy WP weboldal k\u00e9sz\u00edt\u00e9sekor is mer\u00fclhetnek fel ehhez hasonl\u00f3 dilemm\u00e1k, mivel a sablon biztos\u00edt bizonyos fok\u00fa funkcionalit\u00e1st, de ezt ig\u00e9ny szerint \u00e9rdemes b\u0151v\u00edteni. K\u00e9pzelj\u00fck el, hogy egy Kapcsolat oldalt szeretn\u00e9nk, ahol alapvet\u0151 inform\u00e1ci\u00f3kat jelen\u00edt\u00fcnk [&hellip;]<\/p>\n","protected":false},"author":78,"featured_media":7702,"comment_status":"open","ping_status":"open","sticky":false,"template":"","format":"standard","meta":{"footnotes":""},"categories":[1027,39],"tags":[1076,1077,1218,1132,739,67,68],"class_list":["post-7696","post","type-post","status-publish","format-standard","has-post-thumbnail","hentry","category-fejtagitas","category-tippek","tag-bovitmenyek","tag-plugin","tag-tanacsok","tag-telepites","tag-tippek","tag-wordpress","tag-wordpress-weboldal"],"yoast_head":"<!-- This site is optimized with the Yoast SEO plugin v27.4 - https:\/\/yoast.com\/product\/yoast-seo-wordpress\/ -->\n<title>Mire figyelj\u00fcnk amikor megb\u00edzhat\u00f3 WordPress b\u0151v\u00edtm\u00e9nyeket keres\u00fcnk? - Websupport.hu Blog<\/title>\n<meta name=\"description\" content=\"Mire \u00e9rdemes fgyelni WordPress b\u0151v\u00edtm\u00e9nyek kiv\u00e1laszt\u00e1s\u00e1n\u00e1l \u00e9s telep\u00edt\u00e9s\u00e9n\u00e9l? Ebben a cikkben bemutatjuk az alap dolgokat.\" \/>\n<meta name=\"robots\" content=\"index, follow, max-snippet:-1, max-image-preview:large, max-video-preview:-1\" \/>\n<link rel=\"canonical\" href=\"https:\/\/www.websupport.hu\/blog\/2021\/06\/wordpress-bovitmenyek\/\" \/>\n<meta property=\"og:locale\" content=\"hu_HU\" \/>\n<meta property=\"og:type\" content=\"article\" \/>\n<meta property=\"og:title\" content=\"Mire figyelj\u00fcnk amikor megb\u00edzhat\u00f3 WordPress b\u0151v\u00edtm\u00e9nyeket keres\u00fcnk? - Websupport.hu Blog\" \/>\n<meta property=\"og:description\" content=\"Mire \u00e9rdemes fgyelni WordPress b\u0151v\u00edtm\u00e9nyek kiv\u00e1laszt\u00e1s\u00e1n\u00e1l \u00e9s telep\u00edt\u00e9s\u00e9n\u00e9l? Ebben a cikkben bemutatjuk az alap dolgokat.\" \/>\n<meta property=\"og:url\" content=\"https:\/\/www.websupport.hu\/blog\/2021\/06\/wordpress-bovitmenyek\/\" \/>\n<meta property=\"og:site_name\" content=\"Websupport.hu Blog\" \/>\n<meta property=\"article:published_time\" content=\"2021-06-14T15:35:12+00:00\" \/>\n<meta property=\"article:modified_time\" content=\"2025-03-11T20:02:08+00:00\" \/>\n<meta property=\"og:image\" content=\"https:\/\/www.websupport.hu\/blog\/app\/uploads\/sites\/3\/2021\/06\/WP_Plugins.jpg\" \/>\n\t<meta property=\"og:image:width\" content=\"1240\" \/>\n\t<meta property=\"og:image:height\" content=\"698\" \/>\n\t<meta property=\"og:image:type\" content=\"image\/jpeg\" \/>\n<meta name=\"author\" content=\"Stan\u010di Markovi\u010dov\u00e1\" \/>\n<meta name=\"twitter:card\" content=\"summary_large_image\" \/>\n<meta name=\"twitter:label1\" content=\"Written by\" \/>\n\t<meta name=\"twitter:data1\" content=\"Stan\u010di Markovi\u010dov\u00e1\" \/>\n\t<meta name=\"twitter:label2\" content=\"Est. reading time\" \/>\n\t<meta name=\"twitter:data2\" content=\"6 perc\" \/>\n<script type=\"application\/ld+json\" class=\"yoast-schema-graph\">{\"@context\":\"https:\\\/\\\/schema.org\",\"@graph\":[{\"@type\":\"Article\",\"@id\":\"https:\\\/\\\/www.websupport.hu\\\/blog\\\/2021\\\/06\\\/wordpress-bovitmenyek\\\/#article\",\"isPartOf\":{\"@id\":\"https:\\\/\\\/www.websupport.hu\\\/blog\\\/2021\\\/06\\\/wordpress-bovitmenyek\\\/\"},\"author\":{\"name\":\"Stan\u010di Markovi\u010dov\u00e1\",\"@id\":\"https:\\\/\\\/www.websupport.hu\\\/blog\\\/#\\\/schema\\\/person\\\/825ad87e989519aeaa15f282c1f2fa6d\"},\"headline\":\"Mire figyelj\u00fcnk amikor megb\u00edzhat\u00f3 WordPress b\u0151v\u00edtm\u00e9nyeket keres\u00fcnk?\",\"datePublished\":\"2021-06-14T15:35:12+00:00\",\"dateModified\":\"2025-03-11T20:02:08+00:00\",\"mainEntityOfPage\":{\"@id\":\"https:\\\/\\\/www.websupport.hu\\\/blog\\\/2021\\\/06\\\/wordpress-bovitmenyek\\\/\"},\"wordCount\":1601,\"commentCount\":0,\"publisher\":{\"@id\":\"https:\\\/\\\/www.websupport.hu\\\/blog\\\/#organization\"},\"image\":{\"@id\":\"https:\\\/\\\/www.websupport.hu\\\/blog\\\/2021\\\/06\\\/wordpress-bovitmenyek\\\/#primaryimage\"},\"thumbnailUrl\":\"https:\\\/\\\/www.websupport.hu\\\/blog\\\/app\\\/uploads\\\/sites\\\/3\\\/2021\\\/06\\\/WP_Plugins.jpg\",\"keywords\":[\"b\u0151v\u00edtm\u00e9nyek\",\"plugin\",\"tan\u00e1csok\",\"telep\u00edt\u00e9s\",\"tippek\",\"wordpress\",\"wordpress weboldal\"],\"articleSection\":[\"Fejt\u00e1g\u00edt\u00e1s\",\"\u00d6tletek \u00e9s tippek\"],\"inLanguage\":\"hu\",\"potentialAction\":[{\"@type\":\"CommentAction\",\"name\":\"Comment\",\"target\":[\"https:\\\/\\\/www.websupport.hu\\\/blog\\\/2021\\\/06\\\/wordpress-bovitmenyek\\\/#respond\"]}]},{\"@type\":\"WebPage\",\"@id\":\"https:\\\/\\\/www.websupport.hu\\\/blog\\\/2021\\\/06\\\/wordpress-bovitmenyek\\\/\",\"url\":\"https:\\\/\\\/www.websupport.hu\\\/blog\\\/2021\\\/06\\\/wordpress-bovitmenyek\\\/\",\"name\":\"Mire figyelj\u00fcnk amikor megb\u00edzhat\u00f3 WordPress b\u0151v\u00edtm\u00e9nyeket keres\u00fcnk? - Websupport.hu Blog\",\"isPartOf\":{\"@id\":\"https:\\\/\\\/www.websupport.hu\\\/blog\\\/#website\"},\"primaryImageOfPage\":{\"@id\":\"https:\\\/\\\/www.websupport.hu\\\/blog\\\/2021\\\/06\\\/wordpress-bovitmenyek\\\/#primaryimage\"},\"image\":{\"@id\":\"https:\\\/\\\/www.websupport.hu\\\/blog\\\/2021\\\/06\\\/wordpress-bovitmenyek\\\/#primaryimage\"},\"thumbnailUrl\":\"https:\\\/\\\/www.websupport.hu\\\/blog\\\/app\\\/uploads\\\/sites\\\/3\\\/2021\\\/06\\\/WP_Plugins.jpg\",\"datePublished\":\"2021-06-14T15:35:12+00:00\",\"dateModified\":\"2025-03-11T20:02:08+00:00\",\"description\":\"Mire \u00e9rdemes fgyelni WordPress b\u0151v\u00edtm\u00e9nyek kiv\u00e1laszt\u00e1s\u00e1n\u00e1l \u00e9s telep\u00edt\u00e9s\u00e9n\u00e9l? Ebben a cikkben bemutatjuk az alap dolgokat.\",\"breadcrumb\":{\"@id\":\"https:\\\/\\\/www.websupport.hu\\\/blog\\\/2021\\\/06\\\/wordpress-bovitmenyek\\\/#breadcrumb\"},\"inLanguage\":\"hu\",\"potentialAction\":[{\"@type\":\"ReadAction\",\"target\":[\"https:\\\/\\\/www.websupport.hu\\\/blog\\\/2021\\\/06\\\/wordpress-bovitmenyek\\\/\"]}]},{\"@type\":\"ImageObject\",\"inLanguage\":\"hu\",\"@id\":\"https:\\\/\\\/www.websupport.hu\\\/blog\\\/2021\\\/06\\\/wordpress-bovitmenyek\\\/#primaryimage\",\"url\":\"https:\\\/\\\/www.websupport.hu\\\/blog\\\/app\\\/uploads\\\/sites\\\/3\\\/2021\\\/06\\\/WP_Plugins.jpg\",\"contentUrl\":\"https:\\\/\\\/www.websupport.hu\\\/blog\\\/app\\\/uploads\\\/sites\\\/3\\\/2021\\\/06\\\/WP_Plugins.jpg\",\"width\":1240,\"height\":698},{\"@type\":\"BreadcrumbList\",\"@id\":\"https:\\\/\\\/www.websupport.hu\\\/blog\\\/2021\\\/06\\\/wordpress-bovitmenyek\\\/#breadcrumb\",\"itemListElement\":[{\"@type\":\"ListItem\",\"position\":1,\"name\":\"Home\",\"item\":\"https:\\\/\\\/www.websupport.hu\\\/blog\\\/\"},{\"@type\":\"ListItem\",\"position\":2,\"name\":\"Mire figyelj\u00fcnk amikor megb\u00edzhat\u00f3 WordPress b\u0151v\u00edtm\u00e9nyeket keres\u00fcnk?\"}]},{\"@type\":\"WebSite\",\"@id\":\"https:\\\/\\\/www.websupport.hu\\\/blog\\\/#website\",\"url\":\"https:\\\/\\\/www.websupport.hu\\\/blog\\\/\",\"name\":\"Websupport.hu Blog\",\"description\":\"\",\"publisher\":{\"@id\":\"https:\\\/\\\/www.websupport.hu\\\/blog\\\/#organization\"},\"potentialAction\":[{\"@type\":\"SearchAction\",\"target\":{\"@type\":\"EntryPoint\",\"urlTemplate\":\"https:\\\/\\\/www.websupport.hu\\\/blog\\\/?s={search_term_string}\"},\"query-input\":{\"@type\":\"PropertyValueSpecification\",\"valueRequired\":true,\"valueName\":\"search_term_string\"}}],\"inLanguage\":\"hu\"},{\"@type\":\"Organization\",\"@id\":\"https:\\\/\\\/www.websupport.hu\\\/blog\\\/#organization\",\"name\":\"Websupport.hu Blog\",\"url\":\"https:\\\/\\\/www.websupport.hu\\\/blog\\\/\",\"logo\":{\"@type\":\"ImageObject\",\"inLanguage\":\"hu\",\"@id\":\"https:\\\/\\\/www.websupport.hu\\\/blog\\\/#\\\/schema\\\/logo\\\/image\\\/\",\"url\":\"https:\\\/\\\/www.websupport.hu\\\/blog\\\/app\\\/uploads\\\/sites\\\/3\\\/2021\\\/07\\\/websupport-logo.svg\",\"contentUrl\":\"https:\\\/\\\/www.websupport.hu\\\/blog\\\/app\\\/uploads\\\/sites\\\/3\\\/2021\\\/07\\\/websupport-logo.svg\",\"width\":153,\"height\":48,\"caption\":\"Websupport.hu Blog\"},\"image\":{\"@id\":\"https:\\\/\\\/www.websupport.hu\\\/blog\\\/#\\\/schema\\\/logo\\\/image\\\/\"}},{\"@type\":\"Person\",\"@id\":\"https:\\\/\\\/www.websupport.hu\\\/blog\\\/#\\\/schema\\\/person\\\/825ad87e989519aeaa15f282c1f2fa6d\",\"name\":\"Stan\u010di Markovi\u010dov\u00e1\",\"image\":{\"@type\":\"ImageObject\",\"inLanguage\":\"hu\",\"@id\":\"https:\\\/\\\/secure.gravatar.com\\\/avatar\\\/0ec5bf26e0ba8a93e04aa26f1347d508fdef6bd6d4a79966086d98dff663f3db?s=96&d=mm&r=g\",\"url\":\"https:\\\/\\\/secure.gravatar.com\\\/avatar\\\/0ec5bf26e0ba8a93e04aa26f1347d508fdef6bd6d4a79966086d98dff663f3db?s=96&d=mm&r=g\",\"contentUrl\":\"https:\\\/\\\/secure.gravatar.com\\\/avatar\\\/0ec5bf26e0ba8a93e04aa26f1347d508fdef6bd6d4a79966086d98dff663f3db?s=96&d=mm&r=g\",\"caption\":\"Stan\u010di Markovi\u010dov\u00e1\"},\"url\":\"https:\\\/\\\/www.websupport.hu\\\/blog\\\/author\\\/stanislava-markovicova\\\/\"}]}<\/script>\n<!-- \/ Yoast SEO plugin. -->","yoast_head_json":{"title":"Mire figyelj\u00fcnk amikor megb\u00edzhat\u00f3 WordPress b\u0151v\u00edtm\u00e9nyeket keres\u00fcnk? - Websupport.hu Blog","description":"Mire \u00e9rdemes fgyelni WordPress b\u0151v\u00edtm\u00e9nyek kiv\u00e1laszt\u00e1s\u00e1n\u00e1l \u00e9s telep\u00edt\u00e9s\u00e9n\u00e9l? Ebben a cikkben bemutatjuk az alap dolgokat.","robots":{"index":"index","follow":"follow","max-snippet":"max-snippet:-1","max-image-preview":"max-image-preview:large","max-video-preview":"max-video-preview:-1"},"canonical":"https:\/\/www.websupport.hu\/blog\/2021\/06\/wordpress-bovitmenyek\/","og_locale":"hu_HU","og_type":"article","og_title":"Mire figyelj\u00fcnk amikor megb\u00edzhat\u00f3 WordPress b\u0151v\u00edtm\u00e9nyeket keres\u00fcnk? - Websupport.hu Blog","og_description":"Mire \u00e9rdemes fgyelni WordPress b\u0151v\u00edtm\u00e9nyek kiv\u00e1laszt\u00e1s\u00e1n\u00e1l \u00e9s telep\u00edt\u00e9s\u00e9n\u00e9l? Ebben a cikkben bemutatjuk az alap dolgokat.","og_url":"https:\/\/www.websupport.hu\/blog\/2021\/06\/wordpress-bovitmenyek\/","og_site_name":"Websupport.hu Blog","article_published_time":"2021-06-14T15:35:12+00:00","article_modified_time":"2025-03-11T20:02:08+00:00","og_image":[{"width":1240,"height":698,"url":"https:\/\/www.websupport.hu\/blog\/app\/uploads\/sites\/3\/2021\/06\/WP_Plugins.jpg","type":"image\/jpeg"}],"author":"Stan\u010di Markovi\u010dov\u00e1","twitter_card":"summary_large_image","twitter_misc":{"Written by":"Stan\u010di Markovi\u010dov\u00e1","Est. reading time":"6 perc"},"schema":{"@context":"https:\/\/schema.org","@graph":[{"@type":"Article","@id":"https:\/\/www.websupport.hu\/blog\/2021\/06\/wordpress-bovitmenyek\/#article","isPartOf":{"@id":"https:\/\/www.websupport.hu\/blog\/2021\/06\/wordpress-bovitmenyek\/"},"author":{"name":"Stan\u010di Markovi\u010dov\u00e1","@id":"https:\/\/www.websupport.hu\/blog\/#\/schema\/person\/825ad87e989519aeaa15f282c1f2fa6d"},"headline":"Mire figyelj\u00fcnk amikor megb\u00edzhat\u00f3 WordPress b\u0151v\u00edtm\u00e9nyeket keres\u00fcnk?","datePublished":"2021-06-14T15:35:12+00:00","dateModified":"2025-03-11T20:02:08+00:00","mainEntityOfPage":{"@id":"https:\/\/www.websupport.hu\/blog\/2021\/06\/wordpress-bovitmenyek\/"},"wordCount":1601,"commentCount":0,"publisher":{"@id":"https:\/\/www.websupport.hu\/blog\/#organization"},"image":{"@id":"https:\/\/www.websupport.hu\/blog\/2021\/06\/wordpress-bovitmenyek\/#primaryimage"},"thumbnailUrl":"https:\/\/www.websupport.hu\/blog\/app\/uploads\/sites\/3\/2021\/06\/WP_Plugins.jpg","keywords":["b\u0151v\u00edtm\u00e9nyek","plugin","tan\u00e1csok","telep\u00edt\u00e9s","tippek","wordpress","wordpress weboldal"],"articleSection":["Fejt\u00e1g\u00edt\u00e1s","\u00d6tletek \u00e9s tippek"],"inLanguage":"hu","potentialAction":[{"@type":"CommentAction","name":"Comment","target":["https:\/\/www.websupport.hu\/blog\/2021\/06\/wordpress-bovitmenyek\/#respond"]}]},{"@type":"WebPage","@id":"https:\/\/www.websupport.hu\/blog\/2021\/06\/wordpress-bovitmenyek\/","url":"https:\/\/www.websupport.hu\/blog\/2021\/06\/wordpress-bovitmenyek\/","name":"Mire figyelj\u00fcnk amikor megb\u00edzhat\u00f3 WordPress b\u0151v\u00edtm\u00e9nyeket keres\u00fcnk? - Websupport.hu Blog","isPartOf":{"@id":"https:\/\/www.websupport.hu\/blog\/#website"},"primaryImageOfPage":{"@id":"https:\/\/www.websupport.hu\/blog\/2021\/06\/wordpress-bovitmenyek\/#primaryimage"},"image":{"@id":"https:\/\/www.websupport.hu\/blog\/2021\/06\/wordpress-bovitmenyek\/#primaryimage"},"thumbnailUrl":"https:\/\/www.websupport.hu\/blog\/app\/uploads\/sites\/3\/2021\/06\/WP_Plugins.jpg","datePublished":"2021-06-14T15:35:12+00:00","dateModified":"2025-03-11T20:02:08+00:00","description":"Mire \u00e9rdemes fgyelni WordPress b\u0151v\u00edtm\u00e9nyek kiv\u00e1laszt\u00e1s\u00e1n\u00e1l \u00e9s telep\u00edt\u00e9s\u00e9n\u00e9l? Ebben a cikkben bemutatjuk az alap dolgokat.","breadcrumb":{"@id":"https:\/\/www.websupport.hu\/blog\/2021\/06\/wordpress-bovitmenyek\/#breadcrumb"},"inLanguage":"hu","potentialAction":[{"@type":"ReadAction","target":["https:\/\/www.websupport.hu\/blog\/2021\/06\/wordpress-bovitmenyek\/"]}]},{"@type":"ImageObject","inLanguage":"hu","@id":"https:\/\/www.websupport.hu\/blog\/2021\/06\/wordpress-bovitmenyek\/#primaryimage","url":"https:\/\/www.websupport.hu\/blog\/app\/uploads\/sites\/3\/2021\/06\/WP_Plugins.jpg","contentUrl":"https:\/\/www.websupport.hu\/blog\/app\/uploads\/sites\/3\/2021\/06\/WP_Plugins.jpg","width":1240,"height":698},{"@type":"BreadcrumbList","@id":"https:\/\/www.websupport.hu\/blog\/2021\/06\/wordpress-bovitmenyek\/#breadcrumb","itemListElement":[{"@type":"ListItem","position":1,"name":"Home","item":"https:\/\/www.websupport.hu\/blog\/"},{"@type":"ListItem","position":2,"name":"Mire figyelj\u00fcnk amikor megb\u00edzhat\u00f3 WordPress b\u0151v\u00edtm\u00e9nyeket keres\u00fcnk?"}]},{"@type":"WebSite","@id":"https:\/\/www.websupport.hu\/blog\/#website","url":"https:\/\/www.websupport.hu\/blog\/","name":"Websupport.hu Blog","description":"","publisher":{"@id":"https:\/\/www.websupport.hu\/blog\/#organization"},"potentialAction":[{"@type":"SearchAction","target":{"@type":"EntryPoint","urlTemplate":"https:\/\/www.websupport.hu\/blog\/?s={search_term_string}"},"query-input":{"@type":"PropertyValueSpecification","valueRequired":true,"valueName":"search_term_string"}}],"inLanguage":"hu"},{"@type":"Organization","@id":"https:\/\/www.websupport.hu\/blog\/#organization","name":"Websupport.hu Blog","url":"https:\/\/www.websupport.hu\/blog\/","logo":{"@type":"ImageObject","inLanguage":"hu","@id":"https:\/\/www.websupport.hu\/blog\/#\/schema\/logo\/image\/","url":"https:\/\/www.websupport.hu\/blog\/app\/uploads\/sites\/3\/2021\/07\/websupport-logo.svg","contentUrl":"https:\/\/www.websupport.hu\/blog\/app\/uploads\/sites\/3\/2021\/07\/websupport-logo.svg","width":153,"height":48,"caption":"Websupport.hu Blog"},"image":{"@id":"https:\/\/www.websupport.hu\/blog\/#\/schema\/logo\/image\/"}},{"@type":"Person","@id":"https:\/\/www.websupport.hu\/blog\/#\/schema\/person\/825ad87e989519aeaa15f282c1f2fa6d","name":"Stan\u010di Markovi\u010dov\u00e1","image":{"@type":"ImageObject","inLanguage":"hu","@id":"https:\/\/secure.gravatar.com\/avatar\/0ec5bf26e0ba8a93e04aa26f1347d508fdef6bd6d4a79966086d98dff663f3db?s=96&d=mm&r=g","url":"https:\/\/secure.gravatar.com\/avatar\/0ec5bf26e0ba8a93e04aa26f1347d508fdef6bd6d4a79966086d98dff663f3db?s=96&d=mm&r=g","contentUrl":"https:\/\/secure.gravatar.com\/avatar\/0ec5bf26e0ba8a93e04aa26f1347d508fdef6bd6d4a79966086d98dff663f3db?s=96&d=mm&r=g","caption":"Stan\u010di Markovi\u010dov\u00e1"},"url":"https:\/\/www.websupport.hu\/blog\/author\/stanislava-markovicova\/"}]}},"_links":{"self":[{"href":"https:\/\/www.websupport.hu\/blog\/wp-json\/wp\/v2\/posts\/7696","targetHints":{"allow":["GET"]}}],"collection":[{"href":"https:\/\/www.websupport.hu\/blog\/wp-json\/wp\/v2\/posts"}],"about":[{"href":"https:\/\/www.websupport.hu\/blog\/wp-json\/wp\/v2\/types\/post"}],"author":[{"embeddable":true,"href":"https:\/\/www.websupport.hu\/blog\/wp-json\/wp\/v2\/users\/78"}],"replies":[{"embeddable":true,"href":"https:\/\/www.websupport.hu\/blog\/wp-json\/wp\/v2\/comments?post=7696"}],"version-history":[{"count":4,"href":"https:\/\/www.websupport.hu\/blog\/wp-json\/wp\/v2\/posts\/7696\/revisions"}],"predecessor-version":[{"id":7711,"href":"https:\/\/www.websupport.hu\/blog\/wp-json\/wp\/v2\/posts\/7696\/revisions\/7711"}],"wp:featuredmedia":[{"embeddable":true,"href":"https:\/\/www.websupport.hu\/blog\/wp-json\/wp\/v2\/media\/7702"}],"wp:attachment":[{"href":"https:\/\/www.websupport.hu\/blog\/wp-json\/wp\/v2\/media?parent=7696"}],"wp:term":[{"taxonomy":"category","embeddable":true,"href":"https:\/\/www.websupport.hu\/blog\/wp-json\/wp\/v2\/categories?post=7696"},{"taxonomy":"post_tag","embeddable":true,"href":"https:\/\/www.websupport.hu\/blog\/wp-json\/wp\/v2\/tags?post=7696"}],"curies":[{"name":"wp","href":"https:\/\/api.w.org\/{rel}","templated":true}]}}