{"id":8270,"date":"2024-06-28T08:37:06","date_gmt":"2024-06-28T07:37:06","guid":{"rendered":"https:\/\/www.websupport.hu\/blog\/?p=8270"},"modified":"2025-03-11T21:02:12","modified_gmt":"2025-03-11T20:02:12","slug":"egy-fejezet-vege-avagy-miert-nem-ajanlott-a-php-regi-verzioit-hasznalni","status":"publish","type":"post","link":"https:\/\/www.websupport.hu\/blog\/2024\/06\/egy-fejezet-vege-avagy-miert-nem-ajanlott-a-php-regi-verzioit-hasznalni\/","title":{"rendered":"Egy fejezet v\u00e9ge, avagy mi\u00e9rt nem aj\u00e1nlott a PHP r\u00e9gi verzi\u00f3it haszn\u00e1lni"},"content":{"rendered":"\n<p>Minden \u00e9vben megsz\u0171nik a PHP aktu\u00e1lisan legr\u00e9gebbi verzi\u00f3j\u00e1nak hivatalos t\u00e1mogat\u00e1sa. Cikk\u00fcnkben megtudhatsz n\u00e9h\u00e1ny hasznos inform\u00e1ci\u00f3t annak kapcs\u00e1n, hogy mi\u00e9rt \u00e9rdemes a PHP \u00fajabb verzi\u00f3j\u00e1ra friss\u00edtened oldaladat, \u00e9s egy r\u00f6vid le\u00edr\u00e1st is olvashatsz a friss\u00edt\u00e9s folyamat\u00e1r\u00f3l.\u00a0<\/p>\n\n\n\n<p class=\"has-large-font-size\"><strong>A PHP \u00e9letciklusa<\/strong><\/p>\n\n\n\n<p>A PHP a legsz\u00e9lesebb k\u00f6rben haszn\u00e1lt ny\u00edlt forr\u00e1sk\u00f3d\u00fa programoz\u00e1si nyelv a weben haszn\u00e1lt n\u00e9pszer\u0171 CMS-rendszerekben, mint a Word Press\/Woocommerce, Joomla, Drupal \u00e9s az Opencart. A <a href=\"https:\/\/w3techs.com\/technologies\/details\/pl-php\">W3Techs felm\u00e9r\u00e9se<\/a> szerint a weboldalak mintegy 76%-a PHP-t haszn\u00e1l. Emellett a legt\u00f6bb megosztott t\u00e1rhelyen ez az egyetlen el\u00e9rhet\u0151 lehet\u0151s\u00e9g, egyel\u0151re n\u00e1lunk, a Websupportn\u00e1l is. Cikk\u00fcnk alapj\u00e1n a PHP-re \u00fagy gondolhatsz, mint a szoftverk\u00f6rnyezetre, amelynek seg\u00edts\u00e9g\u00e9vel egy webhely m\u0171k\u00f6dni k\u00e9pes, p\u00e9ld\u00e1ul a WordPress tartalomkezel\u0151 rendszere teljes eg\u00e9sz\u00e9ben PHP nyelven \u00edr\u00f3dott.<\/p>\n\n\n\n<p>Mint minden szoftvernek, a PHP-nek is van egy \u00e9letciklusa. Id\u0151nk\u00e9nt \u00fajabb verzi\u00f3k jelennek meg, amelyekben a fejleszt\u0151k \u00faj funkci\u00f3kat adnak hozz\u00e1, \u00e9s egyben kijav\u00edtj\u00e1k a kor\u00e1bbi verzi\u00f3k hib\u00e1it \u00e9s hi\u00e1nyoss\u00e1gait. K\u00f6r\u00fclbel\u00fcl \u00e9vente jelennek meg \u00faj verzi\u00f3k, az egyes verzi\u00f3k t\u00e1mogatotts\u00e1ga pedig \u00e1ltal\u00e1ban 2-3 \u00e9vig tart. A probl\u00e9ma az, hogy a legt\u00f6bb weboldal a PHP r\u00e9gi verzi\u00f3inak egyik\u00e9n fut, \u00e9s ezek m\u00e1r t\u00f6bb \u00e9ve nem kapnak hivatalos t\u00e1mogat\u00e1st.<\/p>\n\n\n\n<figure class=\"wp-block-image size-large\"><img loading=\"lazy\" decoding=\"async\" width=\"1024\" height=\"492\" src=\"https:\/\/www.websupport.hu\/blogoads\/sites\/3\/2024\/06\/image-1024x492.png\" alt=\"\" class=\"wp-image-8273\" srcset=\"https:\/\/www.websupport.hu\/blog\/app\/uploads\/sites\/3\/2024\/06\/image-1024x492.png 1024w, https:\/\/www.websupport.hu\/blog\/app\/uploads\/sites\/3\/2024\/06\/image-300x144.png 300w, https:\/\/www.websupport.hu\/blog\/app\/uploads\/sites\/3\/2024\/06\/image-150x72.png 150w, https:\/\/www.websupport.hu\/blog\/app\/uploads\/sites\/3\/2024\/06\/image-768x369.png 768w, https:\/\/www.websupport.hu\/blog\/app\/uploads\/sites\/3\/2024\/06\/image-1536x739.png 1536w, https:\/\/www.websupport.hu\/blog\/app\/uploads\/sites\/3\/2024\/06\/image-1200x577.png 1200w, https:\/\/www.websupport.hu\/blog\/app\/uploads\/sites\/3\/2024\/06\/image.png 1942w\" sizes=\"auto, (max-width: 1024px) 100vw, 1024px\" \/><\/figure>\n\n\n\n<p>Kitekint\u00e9s a vil\u00e1gszerte haszn\u00e1lt PHP verzi\u00f3kra&nbsp;<br>A <a href=\"https:\/\/wordpress.org\/about\/stats\/\">wordpress.org statisztik\u00e1it<\/a> megn\u00e9zve megtudhatjuk, hogy glob\u00e1lisan milyen PHP verzi\u00f3kat haszn\u00e1lnak a weboldalak, t\u00e1j\u00e9koz\u00f3dhatunk a PHP verzi\u00f3k haszn\u00e1lat\u00e1nak glob\u00e1lis tendenci\u00e1ir\u00f3l. A statisztik\u00e1kb\u00f3l kider\u00fcl, hogy az \u00f6sszes WordPress oldalnak csak k\u00f6r\u00fclbel\u00fcl 30%-a haszn\u00e1lja a PHP hivatalosan t\u00e1mogatott verzi\u00f3j\u00e1t. Majdnem 17% a hamarosan nem t\u00e1mogatott PHP 8.1-et haszn\u00e1lja, a marad\u00e9k 53% pedig m\u00e9g mindig a PHP 8.0-t vagy kor\u00e1bbi v\u00e1ltozatot. Erre a kedvez\u0151tlen helyzetre m\u00e1r kor\u00e1bban is <a href=\"https:\/\/yoast.com\/yoast-seo-4-5\/\">felh\u00edvt\u00e1k a figyelmet<\/a>, p\u00e9ld\u00e1ul a n\u00e9pszer\u0171 Yoast SEO plugin k\u00e9sz\u00edt\u0151i.<\/p>\n\n\n\n<figure class=\"wp-block-image size-full\"><img loading=\"lazy\" decoding=\"async\" width=\"533\" height=\"351\" src=\"https:\/\/www.websupport.hu\/blogoads\/sites\/3\/2024\/06\/image-1.png\" alt=\"\" class=\"wp-image-8276\" srcset=\"https:\/\/www.websupport.hu\/blog\/app\/uploads\/sites\/3\/2024\/06\/image-1.png 533w, https:\/\/www.websupport.hu\/blog\/app\/uploads\/sites\/3\/2024\/06\/image-1-300x198.png 300w, https:\/\/www.websupport.hu\/blog\/app\/uploads\/sites\/3\/2024\/06\/image-1-150x99.png 150w\" sizes=\"auto, (max-width: 533px) 100vw, 533px\" \/><\/figure>\n\n\n\n<p>Hasonl\u00f3 helyzetet figyel\u00fcnk meg mi is saj\u00e1t felm\u00e9r\u00e9seink alapj\u00e1n. A 2024 tavaszi statisztik\u00e1nk tal\u00e1n meglep\u0151 lehet, de azt l\u00e1thatjuk, hogy felhaszn\u00e1l\u00f3ink k\u00f6r\u00fclbel\u00fcl 75%-a a PHP 5.2-8.0-\u00e1s elavult verzi\u00f3inak valamelyik\u00e9t haszn\u00e1lta a t\u00e1rhely\u00e9n. Az \u00e9v v\u00e9g\u00e9re m\u00e9g csatlakozni fog hozz\u00e1juk egy \u00fajabb felhaszn\u00e1l\u00f3i csoport, akik a PHP 8.1-es verzi\u00f3j\u00e1t haszn\u00e1lj\u00e1k. A PHP 5.6-as verzi\u00f3j\u00e1nak hivatalos t\u00e1mogat\u00e1sa 2018 december\u00e9ben sz\u0171nt meg.<\/p>\n\n\n\n<figure class=\"wp-block-image size-full\"><img loading=\"lazy\" decoding=\"async\" width=\"731\" height=\"441\" src=\"https:\/\/www.websupport.hu\/blogoads\/sites\/3\/2024\/06\/image-2.png\" alt=\"\" class=\"wp-image-8279\" srcset=\"https:\/\/www.websupport.hu\/blog\/app\/uploads\/sites\/3\/2024\/06\/image-2.png 731w, https:\/\/www.websupport.hu\/blog\/app\/uploads\/sites\/3\/2024\/06\/image-2-300x181.png 300w, https:\/\/www.websupport.hu\/blog\/app\/uploads\/sites\/3\/2024\/06\/image-2-150x90.png 150w\" sizes=\"auto, (max-width: 731px) 100vw, 731px\" \/><\/figure>\n\n\n\n<p>Ez az ar\u00e1ny egy\u00e1ltal\u00e1n nem optim\u00e1lis, ez\u00e9rt \u00fagy d\u00f6nt\u00f6tt\u00fcnk, ezen jav\u00edtani kell, \u00e9s a lehet\u0151 legt\u00f6bb webhelyet \u00e9s felhaszn\u00e1l\u00f3t \u00e1t kell \u00e1ll\u00edtani az \u00fajabb verzi\u00f3kra &#8211; \u00e9s ezt az \u00f6sszes orsz\u00e1gban, ahol m\u0171k\u00f6d\u00fcnk!&nbsp;<\/p>\n\n\n\n<p class=\"has-large-font-size\"><strong>Mi\u00e9rt haszn\u00e1lj\u00e1k ilyen sokan a PHP r\u00e9gi verzi\u00f3it?<\/strong><\/p>\n\n\n\n<p>Felm\u00e9r\u00e9sek alapj\u00e1n a k\u00f6vetkez\u0151k a leggyakoribb okok, ami\u00e9rt a felhaszn\u00e1l\u00f3ink ink\u00e1bb a PHP r\u00e9gi verzi\u00f3it haszn\u00e1lj\u00e1k az \u00fajabb \u00e9s biztons\u00e1gosabb friss\u00edt\u00e9sek helyett:<\/p>\n\n\n\n<ul class=\"wp-block-list\">\n<li>A weboldalak tulajdonosai vagy nem is tudnak r\u00f3la, vagy csak nem foglalkoznak vele, hogy weboldaluk PHP verzi\u00f3ja elavult. Sok esetben ez teljesen elfogadhat\u00f3, hiszen a felhaszn\u00e1l\u00f3k elv\u00e1rj\u00e1k, hogy a fejleszt\u0151ik vagy a t\u00e1rhelyszolg\u00e1ltat\u00f3 foglalkozzon az ilyen dolgokkal. El\u0151sz\u00f6r is ez az oka annak, hogy a PHP 5.6 van a legnagyobb ar\u00e1nyban jelen a t\u00e1rhelyeken &#8211; sok\u00e1ig ezt a verzi\u00f3t k\u00edn\u00e1ltuk alap\u00e9rtelmezettk\u00e9nt, \u00e9s ezut\u00e1n a felhaszn\u00e1l\u00f3k soha nem v\u00e1ltoztattak rajta.<\/li>\n<\/ul>\n\n\n\n<ul class=\"wp-block-list\">\n<li>A kompatibilit\u00e1s biztos\u00edt\u00e1sa a fejleszt\u0151i\/fenntart\u00f3i oldalr\u00f3l id\u0151be telik a tartalomkezel\u0151 rendszerek, b\u0151v\u00edtm\u00e9nyek friss\u00edt\u00e9se \u00e9s az azt k\u00f6vet\u0151 tesztel\u00e9s. Ha \u00e9vekkel ezel\u0151tt k\u00e9sz\u00fclt egy webhely, \u00e9s a tulajdonos vagy fejleszt\u0151 nem foglalkozott ezzel tov\u00e1bb, a PHP \u00fajabb verzi\u00f3ira val\u00f3 friss\u00edt\u00e9s nem felt\u00e9tlen\u00fcl trivi\u00e1lis vagy olcs\u00f3. Ez kev\u00e9sb\u00e9 jelent probl\u00e9m\u00e1t a modern ny\u00edlt forr\u00e1sk\u00f3d\u00fa rendszerek eset\u00e9ben, amelyeket a legt\u00f6bb esetben \u201ecsak\u201d friss\u00edteni kell. A fenti grafikonok azonban azt mutatj\u00e1k, hogy m\u00e9g ez sem el\u00e9g.<\/li>\n<\/ul>\n\n\n\n<ul class=\"wp-block-list\">\n<li>A legt\u00f6bb t\u00e1rhelyszolg\u00e1ltat\u00f3 c\u00e9g m\u00e1r r\u00e9g\u00f3ta ker\u00fclgeti ezt a t\u00e9m\u00e1t, bele\u00e9rtve minket is. Ennek az oka egyszer\u0171 &#8211; kompatibilit\u00e1si probl\u00e9m\u00e1k eset\u00e9n egy k\u00e9nyszer\u0171, a t\u00e1rhelyszolg\u00e1ltat\u00f3 \u00e1ltal v\u00e9grehajtott friss\u00edt\u00e9s webhelyek ezreinek m\u0171k\u00f6d\u00e9sk\u00e9ptelens\u00e9g\u00e9t okozhatja, ezt pedig sem a t\u00e1rhelyszolg\u00e1ltat\u00f3k, sem a weboldaltulajdonosok sem akarj\u00e1k.<\/li>\n<\/ul>\n\n\n\n<p class=\"has-large-font-size\"><strong>A r\u00e9gi PHP-verzi\u00f3k haszn\u00e1lat\u00e1nak kock\u00e1zatai \u00e9s h\u00e1tr\u00e1nyai<\/strong><\/p>\n\n\n\n<p>A felhaszn\u00e1l\u00f3 szempontj\u00e1b\u00f3l is szembet\u0171n\u0151 a PHP r\u00e9gi verzi\u00f3nak a fejletlens\u00e9ge, k\u00fcl\u00f6n\u00f6sen a biztons\u00e1g \u00e9s a teljes\u00edtm\u00e9ny tekintet\u00e9ben figyelhet\u0151ek meg hatalmas k\u00fcl\u00f6nbs\u00e9gek az \u00faj verzi\u00f3khoz k\u00e9pest.<\/p>\n\n\n\n<ul class=\"wp-block-list\">\n<li>Gyenge biztons\u00e1g\n<ul class=\"wp-block-list\">\n<li>A leger\u0151sebb \u00e9rv a PHP friss\u00edt\u00e9se mellett a weboldalunk biztons\u00e1ga. Az PHP verzi\u00f3k fejleszt\u00e9se sor\u00e1n jav\u00edt\u00f3 friss\u00edt\u00e9seket adnak ki az azonos\u00edtott hib\u00e1k kijav\u00edt\u00e1s\u00e1ra, \u00edgy az \u00fajabb verzi\u00f3k mindig biztons\u00e1gosabbak. Ezekr\u0151l \u00e1ttekint\u00e9st kaphatsz p\u00e9ld\u00e1ul a <a href=\"https:\/\/www.cvedetails.com\/product\/128\/PHP-PHP.html\">CVE Details<\/a> weboldalon. Az al\u00e1bbi \u00e1br\u00e1n l\u00e1that\u00f3 az egyes \u00e9vekben felfedezett kritikus hib\u00e1k sz\u00e1ma.<\/li>\n<\/ul>\n<\/li>\n<\/ul>\n\n\n\n<figure class=\"wp-block-image size-full\"><img loading=\"lazy\" decoding=\"async\" width=\"689\" height=\"266\" src=\"https:\/\/www.websupport.hu\/blogoads\/sites\/3\/2024\/06\/image-3.png\" alt=\"\" class=\"wp-image-8282\" srcset=\"https:\/\/www.websupport.hu\/blog\/app\/uploads\/sites\/3\/2024\/06\/image-3.png 689w, https:\/\/www.websupport.hu\/blog\/app\/uploads\/sites\/3\/2024\/06\/image-3-300x116.png 300w, https:\/\/www.websupport.hu\/blog\/app\/uploads\/sites\/3\/2024\/06\/image-3-150x58.png 150w\" sizes=\"auto, (max-width: 689px) 100vw, 689px\" \/><\/figure>\n\n\n\n<ul class=\"wp-block-list\">\n<li>Gyenge teljes\u00edtm\u00e9ny\n<ul class=\"wp-block-list\">\n<li>A PHP minden egyes \u00faj verzi\u00f3j\u00e1val a weboldal teljes\u00edtm\u00e9nye is jelent\u0151sen javul. Min\u00e9l \u00fajabb PHP verzi\u00f3t haszn\u00e1l a felhaszn\u00e1l\u00f3, ann\u00e1l gyorsabban t\u00f6lt\u0151dik be a tartalom. \u00d6sszehasonl\u00edtottuk a WordPress leg\u00fajabb m\u0171k\u00f6d\u0151 verzi\u00f3j\u00e1t (standard telep\u00edt\u00e9s) k\u00fcl\u00f6nb\u00f6z\u0151 PHP verzi\u00f3kon. Mint l\u00e1that\u00f3, a PHP 8.3 t\u00f6bb mint k\u00e9tszer annyi k\u00e9r\u00e9st k\u00e9pes feldolgozni m\u00e1sodpercenk\u00e9nt, mint a PHP 5.6. Nagyj\u00e1b\u00f3l ugyanezt a statisztik\u00e1t figyelhetj\u00fck meg m\u00e1s tartalomkezel\u0151 rendszerek, p\u00e9ld\u00e1ul a Joomla, a Drupal \u00e9s az OpenCart eset\u00e9ben is. Teh\u00e1t sz\u00e1mos biztons\u00e1gi el\u0151ny mellett weboldalad sokkal jobban teljes\u00edtene, ha azt a PHP leg\u00fajabb verzi\u00f3j\u00e1rq friss\u00edten\u00e9d.<\/li>\n<\/ul>\n<\/li>\n<\/ul>\n\n\n\n<figure class=\"wp-block-image size-full\"><img loading=\"lazy\" decoding=\"async\" width=\"725\" height=\"394\" src=\"https:\/\/www.websupport.hu\/blogoads\/sites\/3\/2024\/06\/image-4.png\" alt=\"\" class=\"wp-image-8285\" srcset=\"https:\/\/www.websupport.hu\/blog\/app\/uploads\/sites\/3\/2024\/06\/image-4.png 725w, https:\/\/www.websupport.hu\/blog\/app\/uploads\/sites\/3\/2024\/06\/image-4-300x163.png 300w, https:\/\/www.websupport.hu\/blog\/app\/uploads\/sites\/3\/2024\/06\/image-4-150x82.png 150w\" sizes=\"auto, (max-width: 725px) 100vw, 725px\" \/><\/figure>\n\n\n\n<p class=\"has-large-font-size\"><strong>A nem t\u00e1mogatott PHP verzi\u00f3k megsz\u00fcntet\u00e9s\u00e9nek \u00fctemez\u00e9se<\/strong><\/p>\n\n\n\n<p>T\u00f6bb \u00e9ves kieg\u00e9sz\u00edt\u0151 t\u00e1mogat\u00e1s ut\u00e1n azt tervezz\u00fck, hogy 2024-ben v\u00e9gleg le\u00e1ll\u00edtjuk a kiv\u00e1lasztott, elavult PHP-verzi\u00f3kat.<\/p>\n\n\n\n<p>Egyel\u0151re az 5.6, 7.4, 8.1-8.3-as PHP verzi\u00f3kat tartjuk meg. Ha m\u00e1s verzi\u00f3t haszn\u00e1lsz, webhelyedet a sorrendben k\u00f6vetkez\u0151 PHP-verzi\u00f3ra helyezz\u00fck \u00e1t.&nbsp;<\/p>\n\n\n\n<p>PHP 5.3 &#8211; \u00e1tker\u00fcl a PHP 5.6-ra,<\/p>\n\n\n\n<p>PHP 7.x &#8211; \u00e1tker\u00fcl a PHP 7.4-re,<\/p>\n\n\n\n<p>PHP 8.0 &#8211; \u00e1tker\u00fcl a PHP 8.2\/8.3-ra.<\/p>\n\n\n\n<p>Ezeket a verzi\u00f3kat tov\u00e1bbra is haszn\u00e1lhat\u00f3nak tartjuk, \u00e9s a kritikus hi\u00e1nyoss\u00e1gokat saj\u00e1t k\u00f6lts\u00e9g\u00fcnk\u00f6n jav\u00edtjuk, hossz\u00fa t\u00e1von azonban nem aj\u00e1nljuk, \u00e9s a j\u00f6v\u0151ben val\u00f3sz\u00edn\u0171leg plusz k\u00f6lts\u00e9gekkel fog j\u00e1rni a haszn\u00e1latuk.<\/p>\n\n\n\n<p>\u00dcgyfeleinket az \u0151ket \u00e9rint\u0151 v\u00e1ltoz\u00e1sokr\u00f3l folyamatosan t\u00e1j\u00e9koztatni fogjuk.<\/p>\n\n\n\n<p><strong>Teszteld weboldalad kompatibilit\u00e1s\u00e1t!<\/strong><\/p>\n\n\n\n<p>Annak \u00e9rdek\u00e9ben, hogy a PHP \u00fajabb verzi\u00f3ira val\u00f3 \u00e1t\u00e1ll\u00e1s g\u00f6rd\u00fcl\u00e9kenyen menjen, l\u00e9trehoztunk egy eszk\u00f6zt, amellyel tesztelhetedi webhelyed PHP kompatibilit\u00e1s\u00e1t. Ezzel az eszk\u00f6zzel biztons\u00e1gosan tesztelheted weboldalad m\u0171k\u00f6d\u00e9s\u00e9t a PHP \u00fajabb verzi\u00f3in, kiz\u00e1r\u00f3lag a b\u00f6ng\u00e9sz\u0151dben an\u00e9lk\u00fcl, hogy ez a termikus webhelyet befoly\u00e1soln\u00e1. Ha pedig minden \u00fagy m\u0171k\u00f6dik, ahogyan kell, azonnal friss\u00edtheted a PHP-t, \u00e9s nem marad az utols\u00f3 pillanatra. P\u00e9ld\u00e1ul a PHP 5.5-r\u0151l a PHP 5.6-ra t\u00f6rt\u00e9n\u0151 azonnali \u00e1tt\u00e9r\u00e9s nem jelenthet gondot, \u00e9s tapasztalataink szerint azonnal elv\u00e9gezhet\u0151. Ugyanez igaz a PHP 8.0-r\u00f3l 8.2-re t\u00f6rt\u00e9n\u0151 \u00e1t\u00e1ll\u00e1s eset\u00e9ben is.<\/p>\n\n\n\n<figure class=\"wp-block-image size-full\"><img loading=\"lazy\" decoding=\"async\" width=\"641\" height=\"135\" src=\"https:\/\/www.websupport.hu\/blogoads\/sites\/3\/2024\/06\/image-5.png\" alt=\"\" class=\"wp-image-8288\" srcset=\"https:\/\/www.websupport.hu\/blog\/app\/uploads\/sites\/3\/2024\/06\/image-5.png 641w, https:\/\/www.websupport.hu\/blog\/app\/uploads\/sites\/3\/2024\/06\/image-5-300x63.png 300w, https:\/\/www.websupport.hu\/blog\/app\/uploads\/sites\/3\/2024\/06\/image-5-150x32.png 150w\" sizes=\"auto, (max-width: 641px) 100vw, 641px\" \/><\/figure>\n\n\n\n<p class=\"has-large-font-size\"><strong>Hogyan friss\u00edts\u00fck a PHP-t a t\u00e1rhely\u00fcnk\u00f6n<\/strong><\/p>\n\n\n\n<p>Ha \u00fcgyfel\u00fcnk vagy, akkor a PHP verzi\u00f3dat b\u00e1rmikor megv\u00e1ltoztathatod k\u00f6zvetlen\u00fcl a Webadminon kereszt\u00fcl, a Web &gt;Szolg\u00e1ltat\u00e1sok&gt;PHP be\u00e1ll\u00edt\u00e1sok men\u00fcpontban. Ebben a bemutat\u00f3ban inform\u00e1ci\u00f3t tal\u00e1lsz arr\u00f3l, hogyan tesztelheted \u00e9s friss\u00edtheted weboldalad PHP verzi\u00f3j\u00e1t egy \u00fajabbra.<\/p>\n\n\n\n<p>Ennek hasonl\u00f3an kell m\u0171k\u00f6dnie m\u00e1s szolg\u00e1ltat\u00f3k eset\u00e9ben is.<\/p>\n\n\n\n<p>Ha webhelyed nem m\u0171k\u00f6dik miut\u00e1n be\u00e1ll\u00edtott\u00e1l egy \u00fajabb PHP-verzi\u00f3t, akkor m\u00f3dos\u00edtanod kell a k\u00f3dot. A <a href=\"https:\/\/www.php.net\/manual\/en\/appendices.php\">PHP.net<\/a> bemutat\u00f3ja ismerteti a vonatkoz\u00f3 k\u00f3d friss\u00edt\u00e9s\u00e9nek m\u00f3dj\u00e1t.<\/p>\n\n\n\n<p>Ha WordPress-t haszn\u00e1lsz, a friss\u00edt\u00e9sre vonatkoz\u00f3 utas\u00edt\u00e1sokat a <a href=\"https:\/\/www.websupport.hu\/tamogatas\/\">tud\u00e1sb\u00e1zisunkban<\/a> is megtal\u00e1lhatod. M\u00e1s tartalomkezel\u0151 rendszerek eset\u00e9ben a hivatalos dokument\u00e1ci\u00f3t aj\u00e1nljuk:<\/p>\n\n\n\n<ul class=\"wp-block-list\">\n<li><a href=\"https:\/\/docs.joomla.org\/Portal:Upgrading_Versions\">Joomla<\/a><\/li>\n\n\n\n<li><a href=\"https:\/\/docs.opencart.com\/en-gb\/upgrading\/\">OpenCart<\/a><\/li>\n\n\n\n<li><a href=\"https:\/\/library.oscommerce.com\/\">OsCommerce<\/a><\/li>\n\n\n\n<li><a href=\"https:\/\/docs.typo3.org\/m\/typo3\/guide-installation\/main\/en-us\/\">Typo3<\/a><\/li>\n<\/ul>\n\n\n\n<p>Ha olyan t\u00e1rhelyet haszn\u00e1lsz, amely nem teszi lehet\u0151v\u00e9 a friss\u00edt\u00e9st a jelenleg t\u00e1mogatott PHP-verzi\u00f3k egyik\u00e9re, javasoljuk, hogy n\u00e9zz k\u00f6r\u00fcl \u00faj t\u00e1rhely ut\u00e1n. Sz\u00edvesen aj\u00e1nlunk t\u00f6bbet, \u00e9s jutalmazzuk, ha a konkurenci\u00e1t\u00f3l v\u00e1ltasz.<\/p>\n","protected":false},"excerpt":{"rendered":"<p>Minden \u00e9vben megsz\u0171nik a PHP aktu\u00e1lisan legr\u00e9gebbi verzi\u00f3j\u00e1nak hivatalos t\u00e1mogat\u00e1sa. Cikk\u00fcnkben megtudhatsz n\u00e9h\u00e1ny hasznos inform\u00e1ci\u00f3t annak kapcs\u00e1n, hogy mi\u00e9rt \u00e9rdemes a PHP \u00fajabb verzi\u00f3j\u00e1ra friss\u00edtened oldaladat, \u00e9s egy r\u00f6vid le\u00edr\u00e1st is olvashatsz a friss\u00edt\u00e9s folyamat\u00e1r\u00f3l.\u00a0 A PHP \u00e9letciklusa A PHP a legsz\u00e9lesebb k\u00f6rben haszn\u00e1lt ny\u00edlt forr\u00e1sk\u00f3d\u00fa programoz\u00e1si nyelv a weben haszn\u00e1lt n\u00e9pszer\u0171 CMS-rendszerekben, mint a [&hellip;]<\/p>\n","protected":false},"author":78,"featured_media":8301,"comment_status":"open","ping_status":"open","sticky":false,"template":"","format":"standard","meta":{"footnotes":""},"categories":[1388],"tags":[587,90,42],"class_list":["post-8270","post","type-post","status-publish","format-standard","has-post-thumbnail","hentry","category-biztonsag","tag-biztonsag","tag-php","tag-weboldal"],"yoast_head":"<!-- This site is optimized with the Yoast SEO plugin v27.4 - https:\/\/yoast.com\/product\/yoast-seo-wordpress\/ -->\n<title>Egy fejezet v\u00e9ge, avagy mi\u00e9rt nem aj\u00e1nlott a PHP r\u00e9gi verzi\u00f3it haszn\u00e1lni - Websupport.hu Blog<\/title>\n<meta name=\"description\" content=\"Minden \u00e9vben megsz\u0171nik a PHP aktu\u00e1lisan legr\u00e9gebbi verzi\u00f3j\u00e1nak hivatalos t\u00e1mogat\u00e1sa. Cikk\u00fcnkben megtudhatsz n\u00e9h\u00e1ny hasznos inform\u00e1ci\u00f3t annak kapcs\u00e1n, hogy mi\u00e9rt \u00e9rdemes a PHP \u00fajabb verzi\u00f3j\u00e1ra friss\u00edtened oldaladat, \u00e9s egy r\u00f6vid le\u00edr\u00e1st is olvashatsz a friss\u00edt\u00e9s folyamat\u00e1r\u00f3l.\" \/>\n<meta name=\"robots\" content=\"index, follow, max-snippet:-1, max-image-preview:large, max-video-preview:-1\" \/>\n<link rel=\"canonical\" href=\"https:\/\/www.websupport.hu\/blog\/2024\/06\/egy-fejezet-vege-avagy-miert-nem-ajanlott-a-php-regi-verzioit-hasznalni\/\" \/>\n<meta property=\"og:locale\" content=\"hu_HU\" \/>\n<meta property=\"og:type\" content=\"article\" \/>\n<meta property=\"og:title\" content=\"Egy fejezet v\u00e9ge, avagy mi\u00e9rt nem aj\u00e1nlott a PHP r\u00e9gi verzi\u00f3it haszn\u00e1lni - Websupport.hu Blog\" \/>\n<meta property=\"og:description\" content=\"Minden \u00e9vben megsz\u0171nik a PHP aktu\u00e1lisan legr\u00e9gebbi verzi\u00f3j\u00e1nak hivatalos t\u00e1mogat\u00e1sa. Cikk\u00fcnkben megtudhatsz n\u00e9h\u00e1ny hasznos inform\u00e1ci\u00f3t annak kapcs\u00e1n, hogy mi\u00e9rt \u00e9rdemes a PHP \u00fajabb verzi\u00f3j\u00e1ra friss\u00edtened oldaladat, \u00e9s egy r\u00f6vid le\u00edr\u00e1st is olvashatsz a friss\u00edt\u00e9s folyamat\u00e1r\u00f3l.\" \/>\n<meta property=\"og:url\" content=\"https:\/\/www.websupport.hu\/blog\/2024\/06\/egy-fejezet-vege-avagy-miert-nem-ajanlott-a-php-regi-verzioit-hasznalni\/\" \/>\n<meta property=\"og:site_name\" content=\"Websupport.hu Blog\" \/>\n<meta property=\"article:published_time\" content=\"2024-06-28T07:37:06+00:00\" \/>\n<meta property=\"article:modified_time\" content=\"2025-03-11T20:02:12+00:00\" \/>\n<meta property=\"og:image\" content=\"https:\/\/www.websupport.hu\/blog\/app\/uploads\/sites\/3\/2024\/06\/Preco-by-ste-nemali-pouzivat-stare-verzie-PHP_1920x1080_BLOG.png\" \/>\n\t<meta property=\"og:image:width\" content=\"1920\" \/>\n\t<meta property=\"og:image:height\" content=\"1080\" \/>\n\t<meta property=\"og:image:type\" content=\"image\/png\" \/>\n<meta name=\"author\" content=\"Stan\u010di Markovi\u010dov\u00e1\" \/>\n<meta name=\"twitter:card\" content=\"summary_large_image\" \/>\n<meta name=\"twitter:label1\" content=\"Written by\" \/>\n\t<meta name=\"twitter:data1\" content=\"Stan\u010di Markovi\u010dov\u00e1\" \/>\n\t<meta name=\"twitter:label2\" content=\"Est. reading time\" \/>\n\t<meta name=\"twitter:data2\" content=\"8 perc\" \/>\n<script type=\"application\/ld+json\" class=\"yoast-schema-graph\">{\"@context\":\"https:\\\/\\\/schema.org\",\"@graph\":[{\"@type\":[\"Article\",\"BlogPosting\"],\"@id\":\"https:\\\/\\\/www.websupport.hu\\\/blog\\\/2024\\\/06\\\/egy-fejezet-vege-avagy-miert-nem-ajanlott-a-php-regi-verzioit-hasznalni\\\/#article\",\"isPartOf\":{\"@id\":\"https:\\\/\\\/www.websupport.hu\\\/blog\\\/2024\\\/06\\\/egy-fejezet-vege-avagy-miert-nem-ajanlott-a-php-regi-verzioit-hasznalni\\\/\"},\"author\":{\"name\":\"Stan\u010di Markovi\u010dov\u00e1\",\"@id\":\"https:\\\/\\\/www.websupport.hu\\\/blog\\\/#\\\/schema\\\/person\\\/825ad87e989519aeaa15f282c1f2fa6d\"},\"headline\":\"Egy fejezet v\u00e9ge, avagy mi\u00e9rt nem aj\u00e1nlott a PHP r\u00e9gi verzi\u00f3it haszn\u00e1lni\",\"datePublished\":\"2024-06-28T07:37:06+00:00\",\"dateModified\":\"2025-03-11T20:02:12+00:00\",\"mainEntityOfPage\":{\"@id\":\"https:\\\/\\\/www.websupport.hu\\\/blog\\\/2024\\\/06\\\/egy-fejezet-vege-avagy-miert-nem-ajanlott-a-php-regi-verzioit-hasznalni\\\/\"},\"wordCount\":1656,\"commentCount\":0,\"publisher\":{\"@id\":\"https:\\\/\\\/www.websupport.hu\\\/blog\\\/#organization\"},\"image\":{\"@id\":\"https:\\\/\\\/www.websupport.hu\\\/blog\\\/2024\\\/06\\\/egy-fejezet-vege-avagy-miert-nem-ajanlott-a-php-regi-verzioit-hasznalni\\\/#primaryimage\"},\"thumbnailUrl\":\"https:\\\/\\\/www.websupport.hu\\\/blog\\\/app\\\/uploads\\\/sites\\\/3\\\/2024\\\/06\\\/Preco-by-ste-nemali-pouzivat-stare-verzie-PHP_1920x1080_BLOG.png\",\"keywords\":[\"biztons\u00e1g\",\"php\",\"weboldal\"],\"articleSection\":[\"Biztons\u00e1g\"],\"inLanguage\":\"hu\",\"potentialAction\":[{\"@type\":\"CommentAction\",\"name\":\"Comment\",\"target\":[\"https:\\\/\\\/www.websupport.hu\\\/blog\\\/2024\\\/06\\\/egy-fejezet-vege-avagy-miert-nem-ajanlott-a-php-regi-verzioit-hasznalni\\\/#respond\"]}]},{\"@type\":\"WebPage\",\"@id\":\"https:\\\/\\\/www.websupport.hu\\\/blog\\\/2024\\\/06\\\/egy-fejezet-vege-avagy-miert-nem-ajanlott-a-php-regi-verzioit-hasznalni\\\/\",\"url\":\"https:\\\/\\\/www.websupport.hu\\\/blog\\\/2024\\\/06\\\/egy-fejezet-vege-avagy-miert-nem-ajanlott-a-php-regi-verzioit-hasznalni\\\/\",\"name\":\"Egy fejezet v\u00e9ge, avagy mi\u00e9rt nem aj\u00e1nlott a PHP r\u00e9gi verzi\u00f3it haszn\u00e1lni - Websupport.hu Blog\",\"isPartOf\":{\"@id\":\"https:\\\/\\\/www.websupport.hu\\\/blog\\\/#website\"},\"primaryImageOfPage\":{\"@id\":\"https:\\\/\\\/www.websupport.hu\\\/blog\\\/2024\\\/06\\\/egy-fejezet-vege-avagy-miert-nem-ajanlott-a-php-regi-verzioit-hasznalni\\\/#primaryimage\"},\"image\":{\"@id\":\"https:\\\/\\\/www.websupport.hu\\\/blog\\\/2024\\\/06\\\/egy-fejezet-vege-avagy-miert-nem-ajanlott-a-php-regi-verzioit-hasznalni\\\/#primaryimage\"},\"thumbnailUrl\":\"https:\\\/\\\/www.websupport.hu\\\/blog\\\/app\\\/uploads\\\/sites\\\/3\\\/2024\\\/06\\\/Preco-by-ste-nemali-pouzivat-stare-verzie-PHP_1920x1080_BLOG.png\",\"datePublished\":\"2024-06-28T07:37:06+00:00\",\"dateModified\":\"2025-03-11T20:02:12+00:00\",\"description\":\"Minden \u00e9vben megsz\u0171nik a PHP aktu\u00e1lisan legr\u00e9gebbi verzi\u00f3j\u00e1nak hivatalos t\u00e1mogat\u00e1sa. Cikk\u00fcnkben megtudhatsz n\u00e9h\u00e1ny hasznos inform\u00e1ci\u00f3t annak kapcs\u00e1n, hogy mi\u00e9rt \u00e9rdemes a PHP \u00fajabb verzi\u00f3j\u00e1ra friss\u00edtened oldaladat, \u00e9s egy r\u00f6vid le\u00edr\u00e1st is olvashatsz a friss\u00edt\u00e9s folyamat\u00e1r\u00f3l.\",\"breadcrumb\":{\"@id\":\"https:\\\/\\\/www.websupport.hu\\\/blog\\\/2024\\\/06\\\/egy-fejezet-vege-avagy-miert-nem-ajanlott-a-php-regi-verzioit-hasznalni\\\/#breadcrumb\"},\"inLanguage\":\"hu\",\"potentialAction\":[{\"@type\":\"ReadAction\",\"target\":[\"https:\\\/\\\/www.websupport.hu\\\/blog\\\/2024\\\/06\\\/egy-fejezet-vege-avagy-miert-nem-ajanlott-a-php-regi-verzioit-hasznalni\\\/\"]}]},{\"@type\":\"ImageObject\",\"inLanguage\":\"hu\",\"@id\":\"https:\\\/\\\/www.websupport.hu\\\/blog\\\/2024\\\/06\\\/egy-fejezet-vege-avagy-miert-nem-ajanlott-a-php-regi-verzioit-hasznalni\\\/#primaryimage\",\"url\":\"https:\\\/\\\/www.websupport.hu\\\/blog\\\/app\\\/uploads\\\/sites\\\/3\\\/2024\\\/06\\\/Preco-by-ste-nemali-pouzivat-stare-verzie-PHP_1920x1080_BLOG.png\",\"contentUrl\":\"https:\\\/\\\/www.websupport.hu\\\/blog\\\/app\\\/uploads\\\/sites\\\/3\\\/2024\\\/06\\\/Preco-by-ste-nemali-pouzivat-stare-verzie-PHP_1920x1080_BLOG.png\",\"width\":1920,\"height\":1080},{\"@type\":\"BreadcrumbList\",\"@id\":\"https:\\\/\\\/www.websupport.hu\\\/blog\\\/2024\\\/06\\\/egy-fejezet-vege-avagy-miert-nem-ajanlott-a-php-regi-verzioit-hasznalni\\\/#breadcrumb\",\"itemListElement\":[{\"@type\":\"ListItem\",\"position\":1,\"name\":\"Home\",\"item\":\"https:\\\/\\\/www.websupport.hu\\\/blog\\\/\"},{\"@type\":\"ListItem\",\"position\":2,\"name\":\"Egy fejezet v\u00e9ge, avagy mi\u00e9rt nem aj\u00e1nlott a PHP r\u00e9gi verzi\u00f3it haszn\u00e1lni\"}]},{\"@type\":\"WebSite\",\"@id\":\"https:\\\/\\\/www.websupport.hu\\\/blog\\\/#website\",\"url\":\"https:\\\/\\\/www.websupport.hu\\\/blog\\\/\",\"name\":\"Websupport.hu Blog\",\"description\":\"\",\"publisher\":{\"@id\":\"https:\\\/\\\/www.websupport.hu\\\/blog\\\/#organization\"},\"potentialAction\":[{\"@type\":\"SearchAction\",\"target\":{\"@type\":\"EntryPoint\",\"urlTemplate\":\"https:\\\/\\\/www.websupport.hu\\\/blog\\\/?s={search_term_string}\"},\"query-input\":{\"@type\":\"PropertyValueSpecification\",\"valueRequired\":true,\"valueName\":\"search_term_string\"}}],\"inLanguage\":\"hu\"},{\"@type\":\"Organization\",\"@id\":\"https:\\\/\\\/www.websupport.hu\\\/blog\\\/#organization\",\"name\":\"Websupport.hu Blog\",\"url\":\"https:\\\/\\\/www.websupport.hu\\\/blog\\\/\",\"logo\":{\"@type\":\"ImageObject\",\"inLanguage\":\"hu\",\"@id\":\"https:\\\/\\\/www.websupport.hu\\\/blog\\\/#\\\/schema\\\/logo\\\/image\\\/\",\"url\":\"https:\\\/\\\/www.websupport.hu\\\/blog\\\/app\\\/uploads\\\/sites\\\/3\\\/2021\\\/07\\\/websupport-logo.svg\",\"contentUrl\":\"https:\\\/\\\/www.websupport.hu\\\/blog\\\/app\\\/uploads\\\/sites\\\/3\\\/2021\\\/07\\\/websupport-logo.svg\",\"width\":153,\"height\":48,\"caption\":\"Websupport.hu Blog\"},\"image\":{\"@id\":\"https:\\\/\\\/www.websupport.hu\\\/blog\\\/#\\\/schema\\\/logo\\\/image\\\/\"}},{\"@type\":\"Person\",\"@id\":\"https:\\\/\\\/www.websupport.hu\\\/blog\\\/#\\\/schema\\\/person\\\/825ad87e989519aeaa15f282c1f2fa6d\",\"name\":\"Stan\u010di Markovi\u010dov\u00e1\",\"image\":{\"@type\":\"ImageObject\",\"inLanguage\":\"hu\",\"@id\":\"https:\\\/\\\/secure.gravatar.com\\\/avatar\\\/0ec5bf26e0ba8a93e04aa26f1347d508fdef6bd6d4a79966086d98dff663f3db?s=96&d=mm&r=g\",\"url\":\"https:\\\/\\\/secure.gravatar.com\\\/avatar\\\/0ec5bf26e0ba8a93e04aa26f1347d508fdef6bd6d4a79966086d98dff663f3db?s=96&d=mm&r=g\",\"contentUrl\":\"https:\\\/\\\/secure.gravatar.com\\\/avatar\\\/0ec5bf26e0ba8a93e04aa26f1347d508fdef6bd6d4a79966086d98dff663f3db?s=96&d=mm&r=g\",\"caption\":\"Stan\u010di Markovi\u010dov\u00e1\"},\"url\":\"https:\\\/\\\/www.websupport.hu\\\/blog\\\/author\\\/stanislava-markovicova\\\/\"}]}<\/script>\n<!-- \/ Yoast SEO plugin. -->","yoast_head_json":{"title":"Egy fejezet v\u00e9ge, avagy mi\u00e9rt nem aj\u00e1nlott a PHP r\u00e9gi verzi\u00f3it haszn\u00e1lni - Websupport.hu Blog","description":"Minden \u00e9vben megsz\u0171nik a PHP aktu\u00e1lisan legr\u00e9gebbi verzi\u00f3j\u00e1nak hivatalos t\u00e1mogat\u00e1sa. Cikk\u00fcnkben megtudhatsz n\u00e9h\u00e1ny hasznos inform\u00e1ci\u00f3t annak kapcs\u00e1n, hogy mi\u00e9rt \u00e9rdemes a PHP \u00fajabb verzi\u00f3j\u00e1ra friss\u00edtened oldaladat, \u00e9s egy r\u00f6vid le\u00edr\u00e1st is olvashatsz a friss\u00edt\u00e9s folyamat\u00e1r\u00f3l.","robots":{"index":"index","follow":"follow","max-snippet":"max-snippet:-1","max-image-preview":"max-image-preview:large","max-video-preview":"max-video-preview:-1"},"canonical":"https:\/\/www.websupport.hu\/blog\/2024\/06\/egy-fejezet-vege-avagy-miert-nem-ajanlott-a-php-regi-verzioit-hasznalni\/","og_locale":"hu_HU","og_type":"article","og_title":"Egy fejezet v\u00e9ge, avagy mi\u00e9rt nem aj\u00e1nlott a PHP r\u00e9gi verzi\u00f3it haszn\u00e1lni - Websupport.hu Blog","og_description":"Minden \u00e9vben megsz\u0171nik a PHP aktu\u00e1lisan legr\u00e9gebbi verzi\u00f3j\u00e1nak hivatalos t\u00e1mogat\u00e1sa. Cikk\u00fcnkben megtudhatsz n\u00e9h\u00e1ny hasznos inform\u00e1ci\u00f3t annak kapcs\u00e1n, hogy mi\u00e9rt \u00e9rdemes a PHP \u00fajabb verzi\u00f3j\u00e1ra friss\u00edtened oldaladat, \u00e9s egy r\u00f6vid le\u00edr\u00e1st is olvashatsz a friss\u00edt\u00e9s folyamat\u00e1r\u00f3l.","og_url":"https:\/\/www.websupport.hu\/blog\/2024\/06\/egy-fejezet-vege-avagy-miert-nem-ajanlott-a-php-regi-verzioit-hasznalni\/","og_site_name":"Websupport.hu Blog","article_published_time":"2024-06-28T07:37:06+00:00","article_modified_time":"2025-03-11T20:02:12+00:00","og_image":[{"width":1920,"height":1080,"url":"https:\/\/www.websupport.hu\/blog\/app\/uploads\/sites\/3\/2024\/06\/Preco-by-ste-nemali-pouzivat-stare-verzie-PHP_1920x1080_BLOG.png","type":"image\/png"}],"author":"Stan\u010di Markovi\u010dov\u00e1","twitter_card":"summary_large_image","twitter_misc":{"Written by":"Stan\u010di Markovi\u010dov\u00e1","Est. reading time":"8 perc"},"schema":{"@context":"https:\/\/schema.org","@graph":[{"@type":["Article","BlogPosting"],"@id":"https:\/\/www.websupport.hu\/blog\/2024\/06\/egy-fejezet-vege-avagy-miert-nem-ajanlott-a-php-regi-verzioit-hasznalni\/#article","isPartOf":{"@id":"https:\/\/www.websupport.hu\/blog\/2024\/06\/egy-fejezet-vege-avagy-miert-nem-ajanlott-a-php-regi-verzioit-hasznalni\/"},"author":{"name":"Stan\u010di Markovi\u010dov\u00e1","@id":"https:\/\/www.websupport.hu\/blog\/#\/schema\/person\/825ad87e989519aeaa15f282c1f2fa6d"},"headline":"Egy fejezet v\u00e9ge, avagy mi\u00e9rt nem aj\u00e1nlott a PHP r\u00e9gi verzi\u00f3it haszn\u00e1lni","datePublished":"2024-06-28T07:37:06+00:00","dateModified":"2025-03-11T20:02:12+00:00","mainEntityOfPage":{"@id":"https:\/\/www.websupport.hu\/blog\/2024\/06\/egy-fejezet-vege-avagy-miert-nem-ajanlott-a-php-regi-verzioit-hasznalni\/"},"wordCount":1656,"commentCount":0,"publisher":{"@id":"https:\/\/www.websupport.hu\/blog\/#organization"},"image":{"@id":"https:\/\/www.websupport.hu\/blog\/2024\/06\/egy-fejezet-vege-avagy-miert-nem-ajanlott-a-php-regi-verzioit-hasznalni\/#primaryimage"},"thumbnailUrl":"https:\/\/www.websupport.hu\/blog\/app\/uploads\/sites\/3\/2024\/06\/Preco-by-ste-nemali-pouzivat-stare-verzie-PHP_1920x1080_BLOG.png","keywords":["biztons\u00e1g","php","weboldal"],"articleSection":["Biztons\u00e1g"],"inLanguage":"hu","potentialAction":[{"@type":"CommentAction","name":"Comment","target":["https:\/\/www.websupport.hu\/blog\/2024\/06\/egy-fejezet-vege-avagy-miert-nem-ajanlott-a-php-regi-verzioit-hasznalni\/#respond"]}]},{"@type":"WebPage","@id":"https:\/\/www.websupport.hu\/blog\/2024\/06\/egy-fejezet-vege-avagy-miert-nem-ajanlott-a-php-regi-verzioit-hasznalni\/","url":"https:\/\/www.websupport.hu\/blog\/2024\/06\/egy-fejezet-vege-avagy-miert-nem-ajanlott-a-php-regi-verzioit-hasznalni\/","name":"Egy fejezet v\u00e9ge, avagy mi\u00e9rt nem aj\u00e1nlott a PHP r\u00e9gi verzi\u00f3it haszn\u00e1lni - Websupport.hu Blog","isPartOf":{"@id":"https:\/\/www.websupport.hu\/blog\/#website"},"primaryImageOfPage":{"@id":"https:\/\/www.websupport.hu\/blog\/2024\/06\/egy-fejezet-vege-avagy-miert-nem-ajanlott-a-php-regi-verzioit-hasznalni\/#primaryimage"},"image":{"@id":"https:\/\/www.websupport.hu\/blog\/2024\/06\/egy-fejezet-vege-avagy-miert-nem-ajanlott-a-php-regi-verzioit-hasznalni\/#primaryimage"},"thumbnailUrl":"https:\/\/www.websupport.hu\/blog\/app\/uploads\/sites\/3\/2024\/06\/Preco-by-ste-nemali-pouzivat-stare-verzie-PHP_1920x1080_BLOG.png","datePublished":"2024-06-28T07:37:06+00:00","dateModified":"2025-03-11T20:02:12+00:00","description":"Minden \u00e9vben megsz\u0171nik a PHP aktu\u00e1lisan legr\u00e9gebbi verzi\u00f3j\u00e1nak hivatalos t\u00e1mogat\u00e1sa. Cikk\u00fcnkben megtudhatsz n\u00e9h\u00e1ny hasznos inform\u00e1ci\u00f3t annak kapcs\u00e1n, hogy mi\u00e9rt \u00e9rdemes a PHP \u00fajabb verzi\u00f3j\u00e1ra friss\u00edtened oldaladat, \u00e9s egy r\u00f6vid le\u00edr\u00e1st is olvashatsz a friss\u00edt\u00e9s folyamat\u00e1r\u00f3l.","breadcrumb":{"@id":"https:\/\/www.websupport.hu\/blog\/2024\/06\/egy-fejezet-vege-avagy-miert-nem-ajanlott-a-php-regi-verzioit-hasznalni\/#breadcrumb"},"inLanguage":"hu","potentialAction":[{"@type":"ReadAction","target":["https:\/\/www.websupport.hu\/blog\/2024\/06\/egy-fejezet-vege-avagy-miert-nem-ajanlott-a-php-regi-verzioit-hasznalni\/"]}]},{"@type":"ImageObject","inLanguage":"hu","@id":"https:\/\/www.websupport.hu\/blog\/2024\/06\/egy-fejezet-vege-avagy-miert-nem-ajanlott-a-php-regi-verzioit-hasznalni\/#primaryimage","url":"https:\/\/www.websupport.hu\/blog\/app\/uploads\/sites\/3\/2024\/06\/Preco-by-ste-nemali-pouzivat-stare-verzie-PHP_1920x1080_BLOG.png","contentUrl":"https:\/\/www.websupport.hu\/blog\/app\/uploads\/sites\/3\/2024\/06\/Preco-by-ste-nemali-pouzivat-stare-verzie-PHP_1920x1080_BLOG.png","width":1920,"height":1080},{"@type":"BreadcrumbList","@id":"https:\/\/www.websupport.hu\/blog\/2024\/06\/egy-fejezet-vege-avagy-miert-nem-ajanlott-a-php-regi-verzioit-hasznalni\/#breadcrumb","itemListElement":[{"@type":"ListItem","position":1,"name":"Home","item":"https:\/\/www.websupport.hu\/blog\/"},{"@type":"ListItem","position":2,"name":"Egy fejezet v\u00e9ge, avagy mi\u00e9rt nem aj\u00e1nlott a PHP r\u00e9gi verzi\u00f3it haszn\u00e1lni"}]},{"@type":"WebSite","@id":"https:\/\/www.websupport.hu\/blog\/#website","url":"https:\/\/www.websupport.hu\/blog\/","name":"Websupport.hu Blog","description":"","publisher":{"@id":"https:\/\/www.websupport.hu\/blog\/#organization"},"potentialAction":[{"@type":"SearchAction","target":{"@type":"EntryPoint","urlTemplate":"https:\/\/www.websupport.hu\/blog\/?s={search_term_string}"},"query-input":{"@type":"PropertyValueSpecification","valueRequired":true,"valueName":"search_term_string"}}],"inLanguage":"hu"},{"@type":"Organization","@id":"https:\/\/www.websupport.hu\/blog\/#organization","name":"Websupport.hu Blog","url":"https:\/\/www.websupport.hu\/blog\/","logo":{"@type":"ImageObject","inLanguage":"hu","@id":"https:\/\/www.websupport.hu\/blog\/#\/schema\/logo\/image\/","url":"https:\/\/www.websupport.hu\/blog\/app\/uploads\/sites\/3\/2021\/07\/websupport-logo.svg","contentUrl":"https:\/\/www.websupport.hu\/blog\/app\/uploads\/sites\/3\/2021\/07\/websupport-logo.svg","width":153,"height":48,"caption":"Websupport.hu Blog"},"image":{"@id":"https:\/\/www.websupport.hu\/blog\/#\/schema\/logo\/image\/"}},{"@type":"Person","@id":"https:\/\/www.websupport.hu\/blog\/#\/schema\/person\/825ad87e989519aeaa15f282c1f2fa6d","name":"Stan\u010di Markovi\u010dov\u00e1","image":{"@type":"ImageObject","inLanguage":"hu","@id":"https:\/\/secure.gravatar.com\/avatar\/0ec5bf26e0ba8a93e04aa26f1347d508fdef6bd6d4a79966086d98dff663f3db?s=96&d=mm&r=g","url":"https:\/\/secure.gravatar.com\/avatar\/0ec5bf26e0ba8a93e04aa26f1347d508fdef6bd6d4a79966086d98dff663f3db?s=96&d=mm&r=g","contentUrl":"https:\/\/secure.gravatar.com\/avatar\/0ec5bf26e0ba8a93e04aa26f1347d508fdef6bd6d4a79966086d98dff663f3db?s=96&d=mm&r=g","caption":"Stan\u010di Markovi\u010dov\u00e1"},"url":"https:\/\/www.websupport.hu\/blog\/author\/stanislava-markovicova\/"}]}},"_links":{"self":[{"href":"https:\/\/www.websupport.hu\/blog\/wp-json\/wp\/v2\/posts\/8270","targetHints":{"allow":["GET"]}}],"collection":[{"href":"https:\/\/www.websupport.hu\/blog\/wp-json\/wp\/v2\/posts"}],"about":[{"href":"https:\/\/www.websupport.hu\/blog\/wp-json\/wp\/v2\/types\/post"}],"author":[{"embeddable":true,"href":"https:\/\/www.websupport.hu\/blog\/wp-json\/wp\/v2\/users\/78"}],"replies":[{"embeddable":true,"href":"https:\/\/www.websupport.hu\/blog\/wp-json\/wp\/v2\/comments?post=8270"}],"version-history":[{"count":10,"href":"https:\/\/www.websupport.hu\/blog\/wp-json\/wp\/v2\/posts\/8270\/revisions"}],"predecessor-version":[{"id":8334,"href":"https:\/\/www.websupport.hu\/blog\/wp-json\/wp\/v2\/posts\/8270\/revisions\/8334"}],"wp:featuredmedia":[{"embeddable":true,"href":"https:\/\/www.websupport.hu\/blog\/wp-json\/wp\/v2\/media\/8301"}],"wp:attachment":[{"href":"https:\/\/www.websupport.hu\/blog\/wp-json\/wp\/v2\/media?parent=8270"}],"wp:term":[{"taxonomy":"category","embeddable":true,"href":"https:\/\/www.websupport.hu\/blog\/wp-json\/wp\/v2\/categories?post=8270"},{"taxonomy":"post_tag","embeddable":true,"href":"https:\/\/www.websupport.hu\/blog\/wp-json\/wp\/v2\/tags?post=8270"}],"curies":[{"name":"wp","href":"https:\/\/api.w.org\/{rel}","templated":true}]}}